{"id":783288,"date":"2025-07-10T14:06:53","date_gmt":"2025-07-10T11:06:53","guid":{"rendered":"https:\/\/analyse.optim.biz\/?p=783288"},"modified":"2025-07-10T14:06:53","modified_gmt":"2025-07-10T11:06:53","slug":"irlandezii-pregatesc-incendierea-unei-efigii-simbolice-pentru-imigratia-non-europeana-incorect-politic","status":"publish","type":"post","link":"https:\/\/analyse.optim.biz\/?p=783288","title":{"rendered":"Irlandezii preg\u0103tesc incendierea unei efigii simbolice pentru imigra\u021bia non-european\u0103 &#8211; Incorect Politic"},"content":{"rendered":"<article class=\"post-listing post-79639 post type-post status-publish format-standard has-post-thumbnail  category-international category-stirea-zilei tag-irlandezii-pregatesc-incendierea-unei-efigii-simbolice-pentru-imigratia-non-europeana\" id=\"the-post\">\n<div class=\"post-inner\">\n<h1 class=\"name post-title entry-title\"><span>Irlandezii preg\u0103tesc incendierea unei efigii simbolice pentru imigra\u021bia non-european\u0103<\/span><\/h1>\n<div class=\"entry\">\n<p>Sterie Ciumetti<br \/><strong>Incorect Politic<\/strong><br \/>\nIulie 10, 2025<\/p>\n<p><a href=\"https:\/\/www.incorectpolitic.com\/irlandezii-pregatesc-incendierea-unei-efigii-simbolice-pentru-imigratia-non-europeana\/irlanda-imigranti\/\" rel=\"attachment wp-att-79640\"><img loading=\"lazy\" decoding=\"async\" class=\"aligncenter wp-image-79640 size-full\" src=\"https:\/\/analyse.optim.biz\/wp-content\/uploads\/2025\/12\/irlanda-imigranti-1.jpg\" alt=\"Irlandezii preg\u0103tesc incendierea unei efigii simbolice pentru imigra\u021bia non-european\u0103\" width=\"1080\" height=\"1080\" title=\"irlanda-imigranti-1\"><\/a><\/p>\n<h2><strong>Irlandezii preg\u0103tesc incendierea unei efigii simbolice pentru imigra\u021bia non-european\u0103<\/strong><\/h2>\n<p>Irlandezii din Irlanda de Nord au construit un foc de tab\u0103r\u0103 imens, o efigie simbolic\u0103 a imigra\u021biei non-europene, c\u0103reia ast\u0103zi pl\u0103nuiesc s\u0103-i dea foc. Au instalat inclusiv o barc\u0103 cu imigran\u021bi chiar \u00een v\u00e2rf, iar mesajele de pe bannere sunt \u201cOpri\u021bi b\u0103rcile!\u201d \u0219i \u201cVeterani \u00eenaintea refugia\u021bilor!\u201d<\/p>\n<blockquote class=\"twitter-tweet\" data-width=\"500\" data-dnt=\"true\">\n<p lang=\"en\" dir=\"ltr\">\ud83d\udea8THE NORTHERN IRISH DO NOT MESS ABOUT \ud83d\udea8<\/p>\n<p>\ud83d\udd25STOP THE BOATS BONFIRE \ud83d\udd25<\/p>\n<p>Moygashel, County Tyrone Thursday 10.30pm <a href=\"https:\/\/t.co\/IomuGJcbHM\">pic.twitter.com\/IomuGJcbHM<\/a><\/p>\n<p>&mdash; Basil the Great (@BasilTheGreat) <a href=\"https:\/\/twitter.com\/BasilTheGreat\/status\/1942912538364006425?ref_src=twsrc%5Etfw\">July 9, 2025<\/a><\/p><\/blockquote>\n<p><script async src=\"https:\/\/platform.twitter.com\/widgets.js\" charset=\"utf-8\"><\/script><\/p>\n<p>Luna trecut\u0103, irlandezii din Irlanda de Nord au fost nevoi\u021bi s\u0103 dea foc unui centru de refugia\u021bi, av\u00e2nd \u00een vedere c\u0103 politicienii lor nu le mai reprezint\u0103 interesele, ci sunt \u00een solda unor interese contrare cu popula\u021bia b\u0103\u0219tina\u0219\u0103.<\/p>\n<p>Anul trecut au avut loc mai multe tentative de a g\u0103zdui imigran\u021bi \u00een case special amenajate, la ini\u021biativa politicienilor globali\u0219ti. Cet\u0103\u021benii au lansat atunci un avertisment dur, marc\u00e2nd casele cu spray \u0219i cu mesajul \u201cDoar irlandezi sau casa arde.\u201d<\/p>\n<p><a href=\"https:\/\/www.incorectpolitic.com\/irlandezii-pregatesc-incendierea-unei-efigii-simbolice-pentru-imigratia-non-europeana\/irish-only\/\" rel=\"attachment wp-att-79642\"><img loading=\"lazy\" decoding=\"async\" class=\"size-full wp-image-79642 aligncenter lazyload\" src=\"https:\/\/analyse.optim.biz\/wp-content\/uploads\/2025\/12\/irish-only.jpg\" width=\"613\" height=\"400\" title=\"irish-only\"><\/a><\/p>\n<p><img loading=\"lazy\" decoding=\"async\" class=\"size-full wp-image-79642 aligncenter\" src=\"https:\/\/analyse.optim.biz\/wp-content\/uploads\/2025\/12\/irish-only.jpg\" width=\"613\" height=\"400\" data-eio=\"l\" title=\"irish-only\"><\/div>\n<div class=\"share-post\"><span class=\"share-text\">Share<\/span><\/p>\n<ul class=\"flat-social\">\n<li><a href=\"http:\/\/www.facebook.com\/sharer.php?u=https:\/\/www.incorectpolitic.com\/?p=79639\" class=\"social-facebook\" rel=\"external\" target=\"_blank\"><span>Facebook<\/span><\/a><\/li>\n<li><a href=\"https:\/\/twitter.com\/intent\/tweet?text=Irlandezii+preg%C4%83tesc+incendierea+unei+efigii+simbolice+pentru+imigra%C8%9Bia+non-european%C4%83&amp;url=https:\/\/www.incorectpolitic.com\/?p=79639\" class=\"social-twitter\" rel=\"external\" target=\"_blank\"><span>Twitter<\/span><\/a><\/li>\n<li><a href=\"http:\/\/pinterest.com\/pin\/create\/button\/?url=https:\/\/www.incorectpolitic.com\/?p=79639&amp;description=Irlandezii+preg%C4%83tesc+incendierea+unei+efigii+simbolice+pentru+imigra%C8%9Bia+non-european%C4%83&amp;media=https:\/\/analyse.optim.biz\/wp-content\/uploads\/2025\/12\/irlanda-imigranti-1.jpg\" class=\"social-pinterest\" rel=\"external\" target=\"_blank\"><span>Pinterest<\/span><\/a><\/li>\n<\/ul>\n<\/div>\n<\/div>\n<\/article>\n<p> Source URL: https:\/\/www.incorectpolitic.com\/irlandezii-pregatesc-incendierea-unei-efigii-simbolice-pentru-imigratia-non-europeana\/<\/p>\n","protected":false},"excerpt":{"rendered":"<p>Irlandezii preg\u0103tesc incendierea unei efigii simbolice pentru imigra\u021bia non-european\u0103 Sterie CiumettiIncorect Politic Iulie 10, 2025 Irlandezii preg\u0103tesc incendierea unei efigii simbolice pentru imigra\u021bia non-european\u0103 Irlandezii din Irlanda de Nord au construit un foc de tab\u0103r\u0103 imens, o efigie simbolic\u0103 a imigra\u021biei non-europene, c\u0103reia ast\u0103zi pl\u0103nuiesc s\u0103-i dea foc. Au instalat inclusiv o barc\u0103 cu imigran\u021bi [&hellip;]<\/p>\n","protected":false},"author":1,"featured_media":783289,"comment_status":"open","ping_status":"","sticky":false,"template":"","format":"standard","meta":{"footnotes":""},"categories":[89],"tags":[95],"class_list":["post-783288","post","type-post","status-publish","format-standard","has-post-thumbnail","hentry","category-romania","tag-incorectpolitic-com"],"_links":{"self":[{"href":"https:\/\/analyse.optim.biz\/index.php?rest_route=\/wp\/v2\/posts\/783288","targetHints":{"allow":["GET"]}}],"collection":[{"href":"https:\/\/analyse.optim.biz\/index.php?rest_route=\/wp\/v2\/posts"}],"about":[{"href":"https:\/\/analyse.optim.biz\/index.php?rest_route=\/wp\/v2\/types\/post"}],"author":[{"embeddable":true,"href":"https:\/\/analyse.optim.biz\/index.php?rest_route=\/wp\/v2\/users\/1"}],"replies":[{"embeddable":true,"href":"https:\/\/analyse.optim.biz\/index.php?rest_route=%2Fwp%2Fv2%2Fcomments&post=783288"}],"version-history":[{"count":0,"href":"https:\/\/analyse.optim.biz\/index.php?rest_route=\/wp\/v2\/posts\/783288\/revisions"}],"wp:featuredmedia":[{"embeddable":true,"href":"https:\/\/analyse.optim.biz\/index.php?rest_route=\/wp\/v2\/media\/783289"}],"wp:attachment":[{"href":"https:\/\/analyse.optim.biz\/index.php?rest_route=%2Fwp%2Fv2%2Fmedia&parent=783288"}],"wp:term":[{"taxonomy":"category","embeddable":true,"href":"https:\/\/analyse.optim.biz\/index.php?rest_route=%2Fwp%2Fv2%2Fcategories&post=783288"},{"taxonomy":"post_tag","embeddable":true,"href":"https:\/\/analyse.optim.biz\/index.php?rest_route=%2Fwp%2Fv2%2Ftags&post=783288"}],"curies":[{"name":"wp","href":"https:\/\/api.w.org\/{rel}","templated":true}]}}