{"id":778568,"date":"2025-12-01T00:00:00","date_gmt":"2025-11-30T21:00:00","guid":{"rendered":"https:\/\/analyse.optim.biz\/?p=778568"},"modified":"2025-12-01T00:00:00","modified_gmt":"2025-11-30T21:00:00","slug":"sabina-se-despide-de-los-escenarios-el-adios-definitivo-del-poeta-del-asfalto-periodista-digital","status":"publish","type":"post","link":"https:\/\/analyse.optim.biz\/?p=778568","title":{"rendered":"Sabina se despide de los escenarios: el adi\u00f3s definitivo del poeta del asfalto &#8211; Periodista Digital"},"content":{"rendered":"<div class=\"m4p-post-content\">\n<div class=\"block-vertical-align-right\">\n<div class=\"m4p-relations-group\">\n<div class=\"m4p-group-vertical-title\">\n<h2>M\u00e1s informaci\u00f3n<\/h2>\n<\/div>\n<div class=\"m4p-summary-news\">\n<figure class=\"m4p-image m4p-crop-medium-1\"><a href=\"https:\/\/www.periodistadigital.com\/cultura\/cine-y-teatro\/20221116\/joaquin-sabina-fulmina-sola-frase-pablo-iglesias-acolitos-video-689404807921\/\"><img loading=\"lazy\" decoding=\"async\" src=\"https:\/\/analyse.optim.biz\/wp-content\/uploads\/2025\/12\/pabloiglesias-320x214-1.jpg\" width=\"320\" height=\"214\" alt=\"Joaqu\u00edn Sabina y Pablo Iglesias.\" title=\"pabloiglesias-320x214-1\"><\/a><\/figure>\n<div class=\"m4p-summary-news-title\">\n<h3><a href=\"https:\/\/www.periodistadigital.com\/cultura\/cine-y-teatro\/20221116\/joaquin-sabina-fulmina-sola-frase-pablo-iglesias-acolitos-video-689404807921\/\">Joaqu\u00edn Sabina fulmina con una sola frase a Pablo Iglesias y sus ac\u00f3litos<\/a><\/h3>\n<\/div>\n<\/div>\n<\/div>\n<\/div>\n<p><strong>Joaqu\u00edn Sabina<\/strong> se despide por completo del escenario.<\/p>\n<p>El domingo 30 de noviembre de 2025, en el Movistar Arena de Madrid, el cantautor originario de \u00dabeda, que cuenta con setenta y seis a\u00f1os, cerr\u00f3 la gira <em>Hola y adi\u00f3s<\/em> con un recital que reson\u00f3 a despedida definitiva.<\/p>\n<p>Ante casi doce mil almas que abarrotaban cada rinc\u00f3n del recinto, el poeta del asfalto se despidi\u00f3 de los grandes escenarios con palabras que dejaron clara su intenci\u00f3n: \u00abEste concierto en Madrid es el \u00faltimo de mi vida y por tanto el m\u00e1s importante. Este ser\u00e1 el que recordar\u00e9 con m\u00e1s emoci\u00f3n dentro de unos a\u00f1os\u00bb.<\/p>\n<p>No fueron solo palabras al viento. Fue una promesa sellada por una voz quebrada por la emoci\u00f3n, con el coraz\u00f3n tocado y la certeza de quien sabe que est\u00e1 cerrando un cap\u00edtulo crucial en su existencia.<\/p>\n<p>La velada comenz\u00f3 como todas las noches de esta gira, que ha abarcado setenta y un conciertos en pa\u00edses como M\u00e9xico, Estados Unidos, Puerto Rico, Costa Rica, Colombia, Per\u00fa, Chile, Uruguay, Argentina y Espa\u00f1a.<\/p>\n<p><strong>Sabina<\/strong> luc\u00eda su bomb\u00edn blanco al principio, luego marr\u00f3n y despu\u00e9s chistera; como un mago que ha vivido para contar su historia a trav\u00e9s de la m\u00fasica. Abri\u00f3 con <em>Yo me bajo en Atocha<\/em>, una aut\u00e9ntica declaraci\u00f3n de amor hacia Madrid, la ciudad que siempre ha sido su plaza predilecta.<\/p>\n<p>Desde ese primer acorde, el p\u00fablico supo que estaba viviendo un momento hist\u00f3rico.<\/p>\n<p>Los aplausos fueron casi incesantes e intensos, intentando silenciar una voz ronca que apenas necesitaba proyectarse porque la audiencia ya estaba en pie, siendo la otra alma de Joaqu\u00edn Sabina. Durante sus intervenciones entre canci\u00f3n y canci\u00f3n, el artista fue claro: \u00abEsta gira llamada <em>Hola y Adi\u00f3s<\/em>, esta noche se llama solo adi\u00f3s. Es un adi\u00f3s enormemente agradecido porque he visto c\u00f3mo mis canciones han crecido y se han colado en la memoria sentimental de varias generaciones. Sin vosotros no existen las canciones. Gracias eternas\u00bb.<\/p>\n<h2>Medio siglo sobre las tablas<\/h2>\n<p>Sabina ya no canta erguido. Se sienta en su banqueta, en su trono desde donde emana una autoridad que no requiere movimiento. Con setenta y seis a\u00f1os a cuestas, medio siglo dedicado a la m\u00fasica y veinticinco discos a su nombre, adem\u00e1s de haber sufrido un ictus hace cinco a\u00f1os, el cantautor ha tomado la decisi\u00f3n de poner fin a esta etapa. \u00abNo habr\u00e1 interrogante al final de esta gira\u00bb, hab\u00eda afirmado hace un a\u00f1o durante una entrevista televisiva. \u00abEs el final y tengo muchas ganas de quedarme en casa, ser menos esa persona p\u00fablica acosada por selfies cuando sale a la calle y dedicarme a leer y pintar\u00bb.<\/p>\n<p>El repertorio del domingo fue el mismo que ha acompa\u00f1ado a Sabina ciudad tras ciudad: unas veinte canciones emblem\u00e1ticas que recorren toda su carrera musical. Cl\u00e1sicos ochenteros como <em>Princesa<\/em> y <em>Pacto entre caballeros<\/em> convivieron con temas m\u00e1s recientes nacidos en dos mil diecisiete junto a Leiva como <em>Lo niego todo<\/em> y <em>L\u00e1grimas de m\u00e1rmol<\/em>, adem\u00e1s de himnos de principios del nuevo milenio como <em>Por el bulevar de los sue\u00f1os rotos<\/em> y <em>Diecinueve d\u00edas y quinientas noches<\/em>. Tambi\u00e9n sonaron <em>Calle Melancol\u00eda<\/em>, <em>Contigo<\/em>, <em>\u00bfQui\u00e9n me ha robado el mes de abril?<\/em>, <em>M\u00e1s de cien mentiras<\/em>, <em>Camas vac\u00edas<\/em>, <em>Donde habita el olvido<\/em>, <em>Peces de ciudad<\/em>, <em>Una canci\u00f3n para la Magdalena<\/em>, <em>Y sin embargo te quiero<\/em>, <em>Noches de boda<\/em>, <em>La canci\u00f3n m\u00e1s hermosa del mundo<\/em> y <em>Tan joven y tan viejo<\/em>. Cerr\u00f3 con una versi\u00f3n mucho m\u00e1s rockera de <em>Princesa<\/em>, dejando al p\u00fablico euf\u00f3rico pese a la tristeza palpable entre todos los asistentes.<\/p>\n<h2>Un artista que lo ha negado todo<\/h2>\n<p>La trayectoria art\u00edstica de <strong>Sabina<\/strong> es la historia de un hombre que ha forjado su mito desde la negaci\u00f3n constante. \u00abNi \u00e1ngel con alas negras ni profeta del vicio. Ni h\u00e9roe en las barricadas ni ocupa ni esquirol. Ni rey de los suburbios ni flor del precipicio. Ni cantante de orquesta ni el Dylan espa\u00f1ol\u00bb, dec\u00eda en uno de sus temas m\u00e1s emblem\u00e1ticos. Esa negaci\u00f3n permanente ha sido sello distintivo tanto art\u00edstico como personal para \u00e9l. Sus letras abordan bares oscuros, amores complejos y madrugadas interminables; reflejan vidas quebradas y sue\u00f1os marchitos en la acera; tocan <a href=\"https:\/\/www.periodistadigital.com\/cultura\/cine-y-teatro\/20221116\/joaquin-sabina-fulmina-sola-frase-pablo-iglesias-acolitos-video-689404807921\/\">lo que otros prefieren callar.<\/a><\/p>\n<p>Sin embargo, realidad y ficci\u00f3n siempre compartieron mesa cuando se trat\u00f3 de <strong>Joaqu\u00edn Sabina<\/strong>.<\/p>\n<p>Sus excesos nunca fueron solo una pose; la coca\u00edna marc\u00f3 momentos oscuros hasta que decidi\u00f3 dejarla atr\u00e1s, aunque \u00e9l mismo confiesa sentir \u00abcierta nostalgia\u00bb por esas \u00e9pocas pasadas. Su vida amorosa ha sido tan agitada como sus canciones: matrimonios por conveniencia o amores imposibles han dado lugar a relaciones tumultuosas que terminaron convirti\u00e9ndose en himnos generacionales. <strong>Jimena Coronado<\/strong>, fot\u00f3grafa peruana conocida durante una entrevista en Lima, es su pareja desde hace m\u00e1s dos d\u00e9cadas; ella le ha brindado estabilidad emocional acompa\u00f1\u00e1ndolo durante sus dificultades.<\/p>\n<h2>El ictus que cambi\u00f3 todo<\/h2>\n<p>El trece abril del dos mil veinte marc\u00f3 un antes y un despu\u00e9s para <strong>Sabina<\/strong> cuando el Hospital Ruber Internacional emiti\u00f3 un parte m\u00e9dico crucial sobre su estado. Joaqu\u00edn Mart\u00ednez Sabina hab\u00eda sido operado para evacuar un hematoma intracraneal del hemisferio derecho tras ingresar con m\u00faltiples traumatismos tras caer del escenario del Wizink Center durante un concierto junto a <strong>Joan Manuel Serrat<\/strong>. Ese accidente fue un punto decisivo. Durante a\u00f1os se cuestion\u00f3 si podr\u00eda volver a subir al escenario; suspendi\u00f3 conciertos e incluso se alej\u00f3 temporalmente del directo musical. Sin embargo, en dos mil veintitr\u00e9s regres\u00f3 con la gira <em>Contra todo pron\u00f3stico<\/em>, ir\u00f3nicamente titulada ya que ni \u00e9l mismo apostaba mucho por volver.<\/p>\n<h2>Pol\u00e9micas que no lo derribaron<\/h2>\n<p>A lo largo de su carrera musical <strong>Sabina<\/strong> ha estado envuelto en controversias que lo han perseguido pero nunca lo han derribado por completo. Una de las m\u00e1s medi\u00e1ticas fue su enfrentamiento con la Agencia Tributaria durante el mandato del exministro <strong>Crist\u00f3bal Montoro<\/strong> quien investig\u00f3 al cantautor junto a otros personajes p\u00fablicos como <strong>Rafa Nadal<\/strong>, acus\u00e1ndolos de ser \u00abinsolidarios\u00bb con las arcas estatales. La Hacienda lleg\u00f3 incluso a reclamarle tres millones de euros por derechos autorales. El cantautor hizo p\u00fablica esta persecuci\u00f3n alegando que <strong>Montoro<\/strong> estaba \u00abincumpliendo la ley sobre secretos fiscales\u00bb sinti\u00e9ndose perseguido injustamente; esa batalla fiscal dej\u00f3 cicatrices dif\u00edciles de sanar.<\/p>\n<p>Tambi\u00e9n estuvo presente su distanciamiento con <strong>Fito P\u00e1ez<\/strong>, conflicto que dur\u00f3 diez a\u00f1os tras embarcarse juntos en un proyecto titulado <em>Enemigos \u00edntimos<\/em>. La grabaci\u00f3n fallida de un videoclip fue suficiente para acabar con esa relaci\u00f3n profesional; a\u00f1os despu\u00e9s ambos recibieron premios Latin Grammy donde se abrazaron p\u00fablicamente compartiendo sonrisas e incluso subieron una foto juntos a Instagram titulada \u00abLos peores de la cuadra\u00bb. La reconciliaci\u00f3n fue tan sonada como su ruptura.<\/p>\n<h2>La herencia que deja<\/h2>\n<p><strong>Sabina<\/strong> ha dejado claro que no siente obligaci\u00f3n alguna por seguir actuando p\u00fablicamente: \u00abCreo que dejo una colecci\u00f3n compuesta por veinticinco canciones que me sobrevivir\u00e1n\u00bb, afirm\u00f3 recientemente en una entrevista. Estas canciones son su verdadero legado; han calado hondo en varias generaciones resonando en bares o caf\u00e9s donde las personas lloran sus propias historias al comp\u00e1s de sus letras emotivas. Son melod\u00edas que seguir\u00e1n vibrando mucho despu\u00e9s del cierre definitivo.<\/p>\n<p>El cantautor mantiene abierta la posibilidad para actuaciones puntuales; piensa en su amigo <strong>Joan Manuel Serrat<\/strong>, quien tras despedirse oficialmente el veintitr\u00e9s diciembre dos mil veintid\u00f3s en Barcelona reapareci\u00f3 recientemente para participar en un concierto ben\u00e9fico en Mah\u00f3n. Quiz\u00e1 esa sea alguna f\u00f3rmula futura para disfrutar nuevamente del talento indiscutible de <strong>Joaqu\u00edn Sabina<\/strong> sobre los escenarios. Pero este treinta noviembre fue realmente el final; el cierre para un hombre cuya vida estuvo dedicada a cantar todo lo vivido \u2013y tambi\u00e9n lo negado\u2013 mientras ahora se queda en casa disfrutando entre libros, pinceles y buenos amigos o amores cercanos. El recital podr\u00e1 verse pr\u00f3ximamente en TVE durante Navidad junto a una entrevista exclusiva realizada por Carlos del Amor; porque aunque <strong>Sabina<\/strong> decida bajarse hoy mismo en Atocha qued\u00e1ndose as\u00ed en Madrid, su m\u00fasica continuar\u00e1 siendo parte fundamental para quienes creen firmemente que las canciones existen gracias a quienes las escuchan.<\/p>\n<\/div>\n<p> Source URL: https:\/\/www.periodistadigital.com\/gente\/20251201\/sabina-despide-escenarios-adios-definitivo-poeta-asfalto-noticia-689405158959\/<\/p>\n","protected":false},"excerpt":{"rendered":"<p>M\u00e1s informaci\u00f3n Joaqu\u00edn Sabina fulmina con una sola frase a Pablo Iglesias y sus ac\u00f3litos Joaqu\u00edn Sabina se despide por completo del escenario. El domingo 30 de noviembre de 2025, en el Movistar Arena de Madrid, el cantautor originario de \u00dabeda, que cuenta con setenta y seis a\u00f1os, cerr\u00f3 la gira Hola y adi\u00f3s con [&hellip;]<\/p>\n","protected":false},"author":1,"featured_media":778569,"comment_status":"open","ping_status":"","sticky":false,"template":"","format":"standard","meta":{"footnotes":""},"categories":[88],"tags":[112],"class_list":["post-778568","post","type-post","status-publish","format-standard","has-post-thumbnail","hentry","category-spain","tag-periodistadigital-com"],"_links":{"self":[{"href":"https:\/\/analyse.optim.biz\/index.php?rest_route=\/wp\/v2\/posts\/778568","targetHints":{"allow":["GET"]}}],"collection":[{"href":"https:\/\/analyse.optim.biz\/index.php?rest_route=\/wp\/v2\/posts"}],"about":[{"href":"https:\/\/analyse.optim.biz\/index.php?rest_route=\/wp\/v2\/types\/post"}],"author":[{"embeddable":true,"href":"https:\/\/analyse.optim.biz\/index.php?rest_route=\/wp\/v2\/users\/1"}],"replies":[{"embeddable":true,"href":"https:\/\/analyse.optim.biz\/index.php?rest_route=%2Fwp%2Fv2%2Fcomments&post=778568"}],"version-history":[{"count":0,"href":"https:\/\/analyse.optim.biz\/index.php?rest_route=\/wp\/v2\/posts\/778568\/revisions"}],"wp:featuredmedia":[{"embeddable":true,"href":"https:\/\/analyse.optim.biz\/index.php?rest_route=\/wp\/v2\/media\/778569"}],"wp:attachment":[{"href":"https:\/\/analyse.optim.biz\/index.php?rest_route=%2Fwp%2Fv2%2Fmedia&parent=778568"}],"wp:term":[{"taxonomy":"category","embeddable":true,"href":"https:\/\/analyse.optim.biz\/index.php?rest_route=%2Fwp%2Fv2%2Fcategories&post=778568"},{"taxonomy":"post_tag","embeddable":true,"href":"https:\/\/analyse.optim.biz\/index.php?rest_route=%2Fwp%2Fv2%2Ftags&post=778568"}],"curies":[{"name":"wp","href":"https:\/\/api.w.org\/{rel}","templated":true}]}}