{"id":76354,"date":"2019-08-28T20:37:34","date_gmt":"2019-08-28T17:37:34","guid":{"rendered":"https:\/\/analyse.optim.biz\/?p=76354"},"modified":"2019-08-28T20:37:34","modified_gmt":"2019-08-28T17:37:34","slug":"viorica-dancila-ii-da-o-replica-dura-lui-klaus-iohannis-dar-anunta-ca-merge-in-parlament-sa-ceara-vot-pentru-guvern","status":"publish","type":"post","link":"https:\/\/analyse.optim.biz\/?p=76354","title":{"rendered":"Viorica D\u0103ncil\u0103 \u00eei d\u0103 o replic\u0103 dur\u0103 lui Klaus Iohannis, dar anun\u021b\u0103 c\u0103 merge \u00een Parlament s\u0103 cear\u0103 vot pentru guvern"},"content":{"rendered":"<div class=\"entry data-app-meta data-app-meta-article\" data-embed-base-url-canonical=\"https:\/\/www.digi24.ro\/embed\/stiri\/actualitate\/politica\/viorica-dancila-ii-da-replica-lui-klaus-iohannis-declaratii-de-presa-la-2030-1179652\">\n<p data-index=\"1\"><strong>Premierul Viorica D\u0103ncil\u0103 a anun\u021bat, miercuri seara, c\u0103 va merge \u00een Parlament pentru a cere aprobare pentru noul guvern remaniat, d\u00e2nd astfel curs solicit\u0103rii \u00een acest sens pe care o f\u0103cuse pre\u0219edintele \u00eentr-o declara\u021bie de pres\u0103 anterioar\u0103.<\/strong><\/p>\n<p data-index=\"2\">Viorica D\u0103ncil\u0103 l-a criticat \u00eens\u0103 dur pe pre\u0219edintele Klaus Iohannis \u0219i l-a comparat cu fostul coleg de alian\u021b\u0103, C\u0103lin Popescu T\u0103riceanu: \u201edomni cu preten\u021bii de b\u0103rba\u021bi de stat\u201d.\u00a0<\/p>\n<p data-index=\"3\">Viorica D\u0103ncil\u0103 s-a declarat profund dezam\u0103git\u0103 de \u201espectacolul candidatului\u201d Klaus Iohannis \u0219i i-a cerut s\u0103 aduc\u0103 probe pentru afirma\u021bia c\u0103 guvernul pe care \u00eel conduce este guvern corupt.<\/p>\n<p data-index=\"4\">Premierul \u00eel acuz\u0103 pe pre\u0219edinte c\u0103 nu \u0219i-a \u00een\u021beles rolul \u0219i l-a acuzat de \u201esabotaj\u201d, pentru c\u0103 \u00eempiedic\u0103 activitatea Guvernului.<\/p>\n<p data-index=\"5\">\u201e\u00cen ciuda tuturor acestor obstacolelor din ultimele zile \u015fi a tuturor acestor domni cu preten\u0163ii de b\u0103rba\u0163i de stat care din considerente electorale men\u0163in instabilitate, noi ne vom continua activitatea. Vom merge \u00een Parlament \u015fi vom \u00eencerca s\u0103 ob\u0163inem sus\u0163inerea necesar\u0103 pentru a ne duce mandatul p\u00e2n\u0103 la cap\u0103t. \u015ei spun acest lucru nu pentru c\u0103 ne \u0163inem de scaune, a\u015fa cum declar\u0103 unii, ci pentru c\u0103 avem o responsabilitate fa\u0163\u0103 de \u0163ar\u0103 \u015fi fa\u0163\u0103 de rom\u00e2ni, avem responsabilitatea de a ne duce programul de guvernare p\u00e2n\u0103 la cap\u0103t, a\u015fa cum am promis \u00een 2016\u201d, a afirmat Viorica D\u0103ncil\u0103 Palatul Victoria<\/p>\n<p data-index=\"6\">\u201eEste de-a dreptul revolt\u0103tor faptul c\u0103 domnul Iohannis folose\u0219te de la tribuna oficial\u0103 a Administra\u021biei Preziden\u021biale expresia <em>Guvern corupt<\/em>. \u00cel somez pe candidatul Klaus Iohannis s\u0103 prezinte de urgen\u021b\u0103 probe pentru aceast\u0103 afirma\u021bie care d\u0103uneaz\u0103 profund imaginii Rom\u00e2niei. \u00cei asigur pe to\u021bi rom\u00e2nii c\u0103 \u00een ceea ce m\u0103 prive\u0219te, nu a existat niciun act de corup\u021bie \u0219i nicio problem\u0103 de ordin juridic care s\u0103 umbreasc\u0103 activitatea mea\u201d, a declarat Viorica D\u0103ncil\u0103, citat\u0103 de Mediafax.<\/p>\n<p data-index=\"7\">\u0218efa Executivului \u00eei reaminte\u0219te pre\u0219edintelui Iohannis c\u0103 acela\u0219i guvern pe care \u00eel consider\u0103 incompetent este acela\u0219i care a fost l\u0103udat de Donald Trump pentru performan\u021bele economice \u0219i rezultate Pre\u0219edin\u021biei Consiliului UE.<\/p>\n<p data-index=\"8\">\u201eDomnul Iohannis \u00ee\u0219i vinde sloganul, \u00eens\u0103, \u00een realitate, nu \u00ee\u0219i dore\u0219te nici un guvern normal, nici un Parlament normal \u0219i nici o societate normal\u0103. Acest Guvern pe care domnul Iohannis \u00eel consider\u0103 incompetent este acela\u0219i guvern l\u0103udat de pre\u0219edintele Trump pentru performan\u021bele economice, este acela\u0219i guvern l\u0103udat de toate statele membre ale Uniunii Europene \u0219i de to\u021bi oficialii europeni pentru buna gestionare a Pre\u0219edin\u021biei Consiliului UE, acela\u0219i guvern care a crescut veniturile oamenilor \u0219i a f\u0103cut investi\u021bii \u00een aproape toate comunit\u0103\u021bile locale. Este acela\u0219i guvern care a ob\u021binut \u00eencrederea cet\u0103\u021benilor prin votul din 2016, pentru c\u0103 acel vot a dat sus\u021binerea parlamentar\u0103 pentru guvernul de ast\u0103zi. Nu voi accepta niciodat\u0103 ca votul rom\u00e2nilor s\u0103 fie discreditat\u201d, a completat D\u0103ncil\u0103.<\/p>\n<p data-index=\"9\">\u201eLa fel ca ieri, domnul Iohannis \u00ee\u0219i aduce singur laude \u0219i ne garanteaz\u0103 c\u0103 Rom\u00e2nia este o \u021bar\u0103 stabil\u0103 \u00een timp ce face tot posibilul s\u0103 o destabilizeze, bloc\u00e2nd sistematic activitatea acestui guvern. Avem un pre\u0219edinte care a reu\u0219it contraperforman\u021ba de a bloca de nenum\u0103rate ori guvernul refuz\u00e2nd mini\u0219tri dup\u0103 bunul plac. Avem un pre\u0219edinte care nu a avut niciodat\u0103 \u00eencredere \u00een acest guvern \u0219i a\u0219 vrea s\u0103 ne reamintim de Pre\u0219edin\u021bia Consiliului UE, care a debutat cu criticile domnului Iohannis \u0219i care s-a \u00eencheiat cu aprecierea tuturor statelor membre \u0219i nu numai\u201d, a mai declarat premierul.<\/p>\n<p data-index=\"10\">\u201eDac\u0103 domnul Iohannis consider\u0103 c\u0103 acest guvern a e\u0219uat pentru c\u0103 a crescut pensiile \u0219i salariile, a generat una dintre cele mai mari cre\u0219teri economice din Uniunea European\u0103, a dus \u0219omajul la un minim istoric \u0219i a crescut considerabil investi\u021biile, \u00eenseamn\u0103 c\u0103 un guvern de succes este ceea ce ne propune opozi\u021bia pe care el o \u00eencurajeaz\u0103: t\u0103ieri de pensii \u0219i salarii, eliminarea sprijinului pentru angaja\u021bi, t\u0103ierea veniturilor speciali\u0219tilor din IT, renun\u021barea la dreptul de proprietate \u0219i convie\u021buirea \u00een grupuri. Aceasta este viziunea pre\u0219edintelui pentru un guvern de succes?\u201d, a spus \u0219efa Executivului.<\/p>\n<p data-index=\"11\">Viorica D\u0103ncil\u0103 a schi\u021bat \u0219i un tablou al competi\u021biei politice, subliniind c\u0103 ea este femeie \u0219i are de luptat \u201ecu to\u021bi ace\u0219ti b\u0103rba\u021bi de stat ai Rom\u00e2niei\u201d: \u201e<strong>Am v\u0103zut la\u0219itatea domnului T\u0103riceanu, am v\u0103zut minciunile domnului Ponta, am v\u0103zut pl\u00e2ngerile penale din partea domnului Orban \u0219i jignirile domnului Barna. Am v\u0103zut \u00eenc\u0103 o dat\u0103 atacurile domnului Iohannis. \u00cen\u021beleg c\u0103 trebuie s\u0103 m\u0103 lupt cu to\u021bi ace\u0219ti b\u0103rba\u021bi de stat ai Rom\u00e2niei care nu au \u00een\u021beles c\u0103 lupta politic\u0103 e pe proiecte \u0219i nu pe cine \u021bip\u0103 sau jigne\u0219te mai tare<\/strong>\u201d, a afirmat Viorica D\u0103ncil\u0103, \u00eentr-o declara\u021bie de pres\u0103 sus\u021binut\u0103 miercuri la Palatul Victoria.<\/p>\n<p data-index=\"12\">\u201eDac\u0103 to\u021bi ace\u0219ti oameni politici care conduc acest stat \u0219i care au putere \u00een partidele lor se pozi\u021bioneaz\u0103 \u00eempotriva unui singur om, \u00eenseamn\u0103 c\u0103 eu de partea mea trebuie s\u0103 am rom\u00e2nii, femeile din aceast\u0103 \u021bar\u0103, to\u021bi oamenii de bine care nu vor mai accepta vreodat\u0103 astfel de cuvinte \u0219i comportamente \u0219i care vor echilibru, consens \u0219i oameni responsabili \u00een func\u021biile de conducere ale statului. Ne vom duce cu demnitate mandatul p\u00e2n\u0103 la cap\u0103t \u0219i vom avea curajul s\u0103 ne uit\u0103m \u00een ochii rom\u00e2nilor pentru c\u0103 nu am luat niciodat\u0103 vreo m\u0103sur\u0103 \u00eempotriva lor\u201d, a conchis \u0219efa Executivului.<\/p>\n<hr>\n<p data-index=\"13\">Palatul Victoria anun\u021b\u0103 c\u0103 Viorica D\u0103ncil\u0103 va sus\u021bine, miercuri, ora 20:30, declara\u021bii de pres\u0103 la Guvern.<\/p>\n<p data-index=\"14\">Declara\u021bia premierului vine dup\u0103 ce Klaus Iohannis a anun\u021bat c\u0103 <a href=\"https:\/\/www.digi24.ro\/stiri\/actualitate\/politica\/surse-klaus-iohannis-va-respinge-propunerile-girbovan-pentru-justitie-si-iulian-iancu-vicepremier-pe-probleme-economice-1179526\" target=\"_blank\" rel=\"noopener\" data-skip-linkfix=\"1\">va respinge integral remanierea guvernamental\u0103<\/a>\u00a0\u0219i i-a cerut premierului s\u0103 mearg\u0103 \u00een Parlament s\u0103 cear\u0103 aprobare pentru noul executiv.<\/p>\n<p data-index=\"15\">Editare web: Luana P\u0103v\u0103luc\u0103<\/p>\n<\/div>\n<p> Source URL: https:\/\/www.digi24.ro\/stiri\/actualitate\/politica\/viorica-dancila-ii-da-replica-lui-klaus-iohannis-declaratii-de-presa-la-2030-1179652<\/p>\n","protected":false},"excerpt":{"rendered":"<p>Premierul Viorica D\u0103ncil\u0103 a anun\u021bat, miercuri seara, c\u0103 va merge \u00een Parlament pentru a cere aprobare pentru noul guvern remaniat, d\u00e2nd astfel curs solicit\u0103rii \u00een acest sens pe care o f\u0103cuse pre\u0219edintele \u00eentr-o declara\u021bie de pres\u0103 anterioar\u0103. Viorica D\u0103ncil\u0103 l-a criticat \u00eens\u0103 dur pe pre\u0219edintele Klaus Iohannis \u0219i l-a comparat cu fostul coleg de alian\u021b\u0103, [&hellip;]<\/p>\n","protected":false},"author":1,"featured_media":76355,"comment_status":"open","ping_status":"","sticky":false,"template":"","format":"standard","meta":{"footnotes":""},"categories":[2],"tags":[11],"class_list":["post-76354","post","type-post","status-publish","format-standard","has-post-thumbnail","hentry","category-politics","tag-digi24"],"_links":{"self":[{"href":"https:\/\/analyse.optim.biz\/index.php?rest_route=\/wp\/v2\/posts\/76354","targetHints":{"allow":["GET"]}}],"collection":[{"href":"https:\/\/analyse.optim.biz\/index.php?rest_route=\/wp\/v2\/posts"}],"about":[{"href":"https:\/\/analyse.optim.biz\/index.php?rest_route=\/wp\/v2\/types\/post"}],"author":[{"embeddable":true,"href":"https:\/\/analyse.optim.biz\/index.php?rest_route=\/wp\/v2\/users\/1"}],"replies":[{"embeddable":true,"href":"https:\/\/analyse.optim.biz\/index.php?rest_route=%2Fwp%2Fv2%2Fcomments&post=76354"}],"version-history":[{"count":0,"href":"https:\/\/analyse.optim.biz\/index.php?rest_route=\/wp\/v2\/posts\/76354\/revisions"}],"wp:featuredmedia":[{"embeddable":true,"href":"https:\/\/analyse.optim.biz\/index.php?rest_route=\/wp\/v2\/media\/76355"}],"wp:attachment":[{"href":"https:\/\/analyse.optim.biz\/index.php?rest_route=%2Fwp%2Fv2%2Fmedia&parent=76354"}],"wp:term":[{"taxonomy":"category","embeddable":true,"href":"https:\/\/analyse.optim.biz\/index.php?rest_route=%2Fwp%2Fv2%2Fcategories&post=76354"},{"taxonomy":"post_tag","embeddable":true,"href":"https:\/\/analyse.optim.biz\/index.php?rest_route=%2Fwp%2Fv2%2Ftags&post=76354"}],"curies":[{"name":"wp","href":"https:\/\/api.w.org\/{rel}","templated":true}]}}