{"id":75847,"date":"2019-09-04T17:09:00","date_gmt":"2019-09-04T14:09:00","guid":{"rendered":"https:\/\/analyse.optim.biz\/?p=75847"},"modified":"2019-09-04T17:09:00","modified_gmt":"2019-09-04T14:09:00","slug":"modificare-importanta-in-sanatate-romanii-vor-avea-acces-la-decontarile-facute-de-cnas-in-numele-lor","status":"publish","type":"post","link":"https:\/\/analyse.optim.biz\/?p=75847","title":{"rendered":"Modificare important\u0103 \u00een s\u0103n\u0103tate: Rom\u00e2nii vor avea acces la decont\u0103rile f\u0103cute de CNAS \u00een numele lor"},"content":{"rendered":"<div class=\"entry data-app-meta data-app-meta-article\" data-embed-base-url-canonical=\"https:\/\/www.digi24.ro\/embed\/stiri\/actualitate\/sanatate\/modificare-importanta-in-sanatate-romanii-vor-avea-acces-la-decontarile-facute-de-cnas-in-numele-lor-1182906\">\n<p data-index=\"1\"><strong>Camera Deputa\u021bilor a adoptat, miercuri, decizional, proiectul de lege prin care cei care benficiaz\u0103 de asigurare de s\u0103n\u0103tate s\u0103 aib\u0103 acces la toate decont\u0103rile f\u0103cute \u00een numele lor de c\u0103tre Casa Na\u021bional\u0103 de Asigu\u0103ri de S\u0103n\u0103tate pe anul precedent. Legea urmeaz\u0103 s\u0103 ajung\u0103 la Klaus Iohannis, care va decide dac\u0103 o va promulga sau nu.<\/strong><\/p>\n<p data-index=\"2\">Astfel, pacien\u021bii ar putea avea acces la lista cu deconturile efectuate pentru fiecare dintre serviciile medicale, serviciile de \u00eengrijire a s\u0103n\u0103t\u0103\u0163ii, medicamentele, materialele sanitare, dispozitivele medicale \u015fi celelalte servicii la care au dreptul.<\/p>\n<h2 id=\"highlight-1182906-1\">Cum pot fi consultate decont\u0103rile f\u0103cute de CNAS<\/h2>\n<p data-index=\"3\">\u201eLa cerere, casa de asigur\u0103ri de s\u0103n\u0103tate la care este luat\u0103 \u00een eviden\u0163\u0103 persoana asigurat\u0103, comunic\u0103 \u00een termen de 45 de zile persoanei lista cu serviciile medicale, medicamentele \u015fi dispozitivele medicale de care a beneficiat persoana asigurat\u0103 \u00een anul precedent, decontate din bugetul Fondului na\u0163ional unic de asigur\u0103ri sociale de s\u0103n\u0103tate, cu precizarea contravalorii acestora, a furnizorilor care le-au efectuat\/eliberat, precum \u015fi a datei efectu\u0103rii\/eliber\u0103rii acestora\u201d, arat\u0103 proiectul de act normativ.<\/p>\n<p data-index=\"4\">Lista cu decont\u0103rile de care a benficiat asiguratul va putea fi accesat\u0103 \u015fi prin intermediul dosarului electronic al pacientului.<\/p>\n<h2 id=\"highlight-1182906-2\">Senator USR: Legea\u00a0\u201edeschide un front de lupt\u0103\u201d \u00eempotriva corup\u021biei din s\u0103n\u0103tate<\/h2>\n<p data-index=\"5\">Ini\u021biatorul proiectului, deputatul USR Tudor Pop, sus\u021binerea c\u0103 actul normativ \u201edeschide un front de lupt\u0103\u201d \u00eempotriva corup\u021biei din sistemul de asigur\u0103ri de s\u0103n\u0103tate.<\/p>\n<p data-index=\"6\">\u201eAst\u0103zi USR a mai f\u0103cut un pas mai departe spre ceea ce ne dorim de la sistemul de s\u0103n\u0103tate: respect \u0219i mai mult\u0103 putere pentru pacient. De data asta e vorba despre puterea asigura\u021bilor de a verifica ce anume \u0219i c\u00e2t se deconteaz\u0103 de c\u0103tre CNAS \u00een numele lor. Pe 29 noiembrie 2017 am depus al\u0103turi de Dan Barna \u0219i Cristian Ghinea, o propunere legislativ\u0103 care deschide un front de lupt\u0103 impotriva coruptiei din sistemul de asigur\u0103ri de s\u0103n\u0103tate, oferind asigura\u021bilor acces la absolut toate cheltuielile decontate in numele lor\u201d, a scris deputatul USR, miercuri, pe Facebook.<\/p>\n<p data-index=\"7\">\u201ePractic, fiecare asigurat s\u0103 poat\u0103 suprapune raportul de cheltuieli de la CNAS peste serviciile medicale oferite \u00een realitate &#8211; ceea ce \u00een alte democra\u021bii e o banalitate. Astfel, asigura\u021bii vor putea vedea exact ce decont\u0103ri s-au f\u0103cut \u00een numele lor \u0219i pot reclama posibile fraude f\u0103cute \u00een numele lor. \u00cenainte de aceast\u0103 ini\u021biativ\u0103, accesul era foarte greoi \u0219i extrem de limitat, asigura\u021bii primind rapoarte, \u0219i acelea foarte \u00eent\u00e2rziate, doar pentru serviciile medicale oferite\u201d, a ad\u0103ugat el, potrivit Mediafax.<\/p>\n<p data-index=\"8\">Pop mai sus\u021bine c\u0103 \u201ezeci de milioane de lei\u201d se duc \u00een \u201ebuzunarele Mafiei din S\u0103n\u0103tate\u201d.<\/p>\n<p data-index=\"9\">\u201eCu votul de azi accept\u0103m, \u00een sf\u00e2r\u0219it, faptul c\u0103 avem o problem\u0103 uria\u0219\u0103 cu decont\u0103rile fictive. \u0218i cu faptul c\u0103 zeci de milioane de lei se duc \u00een buzunarele Mafiei din S\u0103n\u0103tate \u0219i nu pe \u00eengrijirea pacien\u021bilor. Mi-a\u0219 fi dorit foarte mult s\u0103 p\u0103str\u0103m \u00een proiect op\u021biunea ca fiecare asigurat s\u0103 primeasc\u0103 \u0219i o scrisoare anual\u0103 cu totalitatea cheltuielilor, a\u0219a cum este de pild\u0103 \u00een Austria. Este cea mai eficient\u0103 cale, dar mi-au fost aduse ca argumente costurile mari \u0219i incapacitatea administrativ\u0103 de a face acest lucru\u201d, a mai transmis politicianul.<\/p>\n<p data-index=\"10\">Proiectul a fost respins de Senat, \u00eens\u0103 deoarece Camera Deputa\u021bilor este forul legislativ decizional \u00een acest caz, legea va merge la pre\u0219edintele Klaus Iohannis pentru promulgare.<\/p>\n<p data-index=\"11\">Editor web: George Costi\u021b\u0103<\/p>\n<\/div>\n<p> Source URL: https:\/\/www.digi24.ro\/stiri\/actualitate\/sanatate\/modificare-importanta-in-sanatate-romanii-vor-avea-acces-la-decontarile-facute-de-cnas-in-numele-lor-1182906<\/p>\n","protected":false},"excerpt":{"rendered":"<p>Camera Deputa\u021bilor a adoptat, miercuri, decizional, proiectul de lege prin care cei care benficiaz\u0103 de asigurare de s\u0103n\u0103tate s\u0103 aib\u0103 acces la toate decont\u0103rile f\u0103cute \u00een numele lor de c\u0103tre Casa Na\u021bional\u0103 de Asigu\u0103ri de S\u0103n\u0103tate pe anul precedent. Legea urmeaz\u0103 s\u0103 ajung\u0103 la Klaus Iohannis, care va decide dac\u0103 o va promulga sau nu. [&hellip;]<\/p>\n","protected":false},"author":1,"featured_media":75848,"comment_status":"open","ping_status":"","sticky":false,"template":"","format":"standard","meta":{"footnotes":""},"categories":[2],"tags":[11],"class_list":["post-75847","post","type-post","status-publish","format-standard","has-post-thumbnail","hentry","category-politics","tag-digi24"],"_links":{"self":[{"href":"https:\/\/analyse.optim.biz\/index.php?rest_route=\/wp\/v2\/posts\/75847","targetHints":{"allow":["GET"]}}],"collection":[{"href":"https:\/\/analyse.optim.biz\/index.php?rest_route=\/wp\/v2\/posts"}],"about":[{"href":"https:\/\/analyse.optim.biz\/index.php?rest_route=\/wp\/v2\/types\/post"}],"author":[{"embeddable":true,"href":"https:\/\/analyse.optim.biz\/index.php?rest_route=\/wp\/v2\/users\/1"}],"replies":[{"embeddable":true,"href":"https:\/\/analyse.optim.biz\/index.php?rest_route=%2Fwp%2Fv2%2Fcomments&post=75847"}],"version-history":[{"count":0,"href":"https:\/\/analyse.optim.biz\/index.php?rest_route=\/wp\/v2\/posts\/75847\/revisions"}],"wp:featuredmedia":[{"embeddable":true,"href":"https:\/\/analyse.optim.biz\/index.php?rest_route=\/wp\/v2\/media\/75848"}],"wp:attachment":[{"href":"https:\/\/analyse.optim.biz\/index.php?rest_route=%2Fwp%2Fv2%2Fmedia&parent=75847"}],"wp:term":[{"taxonomy":"category","embeddable":true,"href":"https:\/\/analyse.optim.biz\/index.php?rest_route=%2Fwp%2Fv2%2Fcategories&post=75847"},{"taxonomy":"post_tag","embeddable":true,"href":"https:\/\/analyse.optim.biz\/index.php?rest_route=%2Fwp%2Fv2%2Ftags&post=75847"}],"curies":[{"name":"wp","href":"https:\/\/api.w.org\/{rel}","templated":true}]}}