{"id":728679,"date":"2025-11-23T17:45:09","date_gmt":"2025-11-23T14:45:09","guid":{"rendered":"https:\/\/analyse.optim.biz\/?p=728679"},"modified":"2025-11-23T17:45:09","modified_gmt":"2025-11-23T14:45:09","slug":"matteo-berrettini-pablo-carreno-en-directo-primer-punto-de-la-final-de-la-copa-davis","status":"publish","type":"post","link":"https:\/\/analyse.optim.biz\/?p=728679","title":{"rendered":"Matteo Berrettini &#8211; Pablo Carre\u00f1o, en directo: primer punto de la final de la Copa Davis"},"content":{"rendered":"<article class=\"ue-c-article has-image\">\n<div class=\"ue-l-article__header ue-c-article__header\">\n<div class=\"ue-l-article__header-content\">\n<div class=\"ue-c-article__kicker-group\">\n<div class=\"ue-c-article__kicker-container\">\n<div class=\"ue-c-article__kicker\">\n<h2 class=\"ue-c-article__kicker-seo\">Berrettini Carre\u00f1o Final Copa Davis<\/h2>\n<\/div>\n<\/div>\n<\/div>\n<h1 id=\"H1_js_69230311fc6c8390558b4597\" class=\"ue-c-article__headline js-headline\">Matteo Berrettini &#8211; Pablo Carre\u00f1o, en directo: primer punto de la final de la Copa Davis<\/h1>\n<div class=\"ue-c-article__standfirst\">\n<p class=\"ue-c-article__standfirst\">El asturiano, tras su gran triunfo ante Struff, busca la sorpresa ante un rival al que ya venci\u00f3 hace tres a\u00f1os en Masters 1000 de Canad\u00e1.<\/p>\n<\/div>\n<ul class=\"ue-c-article__share-tools\" aria-label=\"Compartir en redes sociales\">\n<li class=\"ue-c-article__share-tools-item ue-c-article__share-tools-item--toolbox\">\n<aside class=\"ue-c-article__toolbox ue-c-article__toolbox--toggle no-visible js_socialMedia\" aria-label=\"Compartir art\u00edculo en Redes Sociales\">\n<div class=\"ue-c-article__toolbox-item\"><a href=\"https:\/\/www.elmundo.es\/deportes\/tenis\/copa-davis\/f01-01-f02-02\/2025\/11\/23\/04_0416_20251123_136-directo.html\" class=\"js-icon-facebook\" title=\"Compartir en Facebook\"><span class=\"ue-c-article__toolbox-item-text\" aria-hidden=\"true\">Facebook<\/span><\/a><\/div>\n<div class=\"ue-c-article__toolbox-item\"><a href=\"https:\/\/www.elmundo.es\/deportes\/tenis\/copa-davis\/f01-01-f02-02\/2025\/11\/23\/04_0416_20251123_136-directo.html\" class=\"js-icon-twitter\" title=\"Compartir en X-Twitter\"><span class=\"ue-c-article__toolbox-item-text\" aria-hidden=\"true\">X &#8211; Twitter<\/span><\/a><\/div>\n<div class=\"ue-c-article__toolbox-item\"><a href=\"https:\/\/www.elmundo.es\/deportes\/tenis\/copa-davis\/f01-01-f02-02\/2025\/11\/23\/04_0416_20251123_136-directo.html\" class=\"js-icon-whatsapp\" title=\"Compartir en Whatsapp\"><span class=\"ue-c-article__toolbox-item-text\" aria-hidden=\"true\">WhatsApp<\/span><\/a><\/div>\n<div class=\"ue-c-article__toolbox-item\"><a href=\"https:\/\/www.elmundo.es\/deportes\/tenis\/copa-davis\/f01-01-f02-02\/2025\/11\/23\/04_0416_20251123_136-directo.html\" class=\"js-icon-telegram\" title=\"Compartir en Telegram\"><span class=\"ue-c-article__toolbox-item-text\" aria-hidden=\"true\">Telegram<\/span><\/a><\/div>\n<div class=\"ue-c-article__toolbox-item\"><a href=\"https:\/\/www.elmundo.es\/deportes\/tenis\/copa-davis\/f01-01-f02-02\/2025\/11\/23\/04_0416_20251123_136-directo.html\" class=\"js-icon-linkedin\" title=\"Compartir en LinkedIn\"><span class=\"ue-c-article__toolbox-item-text\" aria-hidden=\"true\">LinkedIn<\/span><\/a><\/div>\n<div class=\"ue-c-article__toolbox-item\"><a href=\"https:\/\/www.elmundo.es\/deportes\/tenis\/copa-davis\/f01-01-f02-02\/2025\/11\/23\/04_0416_20251123_136-directo.html\" class=\"js-icon-copy\" title=\"copiar enlace\"><span class=\"ue-c-article__toolbox-item-text\" aria-hidden=\"true\">Copiar enlace<\/span><\/a><\/div>\n<div class=\"ue-c-article__toolbox-item\"><a href=\"mailto:?subject=Matteo%20Berrettini%20-%20Pablo%20Carre%C3%B1o%2C%20en%20directo%3A%20primer%20punto%20de%20la%20final%20de%20la%20Copa%20Davis&amp;body=https:\/\/www.elmundo.es\/deportes\/tenis\/copa-davis\/f01-01-f02-02\/2025\/11\/23\/04_0416_20251123_136-directo.html?emk=MAILSHARE\" class=\"js-icon-mail\" title=\"enviar por email\"><span class=\"ue-c-article__toolbox-item-text\" aria-hidden=\"true\">Enviar por email<\/span><\/a><\/div>\n<\/aside>\n<\/li>\n<li class=\"ue-c-article__share-tools-item\"><\/ul>\n<\/div>\n<figure class=\"ue-c-article__media ue-c-article__media--image\">\n<div class=\"ue-c-article__media-img-container ue-l-article--expand-edge-right-until-tablet ue-l-article--expand-edge-left-until-tablet\"><source type=\"image\/webp\" sizes=\"(min-width: 1250px) 646px, (min-width: 980px) calc(100vw - 580px), (min-width: 740px) calc(100vw - 310px), 100vw\" srcset=\"https:\/\/e01-phantom-elmundo.uecdn.es\/9225dd54cd946b965953d123849a3eea\/crop\/70x59\/2987x2003\/resize\/380\/f\/webp\/assets\/multimedia\/imagenes\/2025\/11\/23\/17639023894146.jpg 380w,https:\/\/e01-phantom-elmundo.uecdn.es\/9158b0b2a6c3c88c8624f9d673a684b2\/crop\/70x59\/2987x2003\/resize\/460\/f\/webp\/assets\/multimedia\/imagenes\/2025\/11\/23\/17639023894146.jpg 460w,https:\/\/e01-phantom-elmundo.uecdn.es\/03a6cebbe7b8659c5b2702cc97b86022\/crop\/70x59\/2987x2003\/resize\/540\/f\/webp\/assets\/multimedia\/imagenes\/2025\/11\/23\/17639023894146.jpg 540w,https:\/\/e01-phantom-elmundo.uecdn.es\/8147b0fda926629c8814ab87659b7f6c\/crop\/70x59\/2987x2003\/resize\/646\/f\/webp\/assets\/multimedia\/imagenes\/2025\/11\/23\/17639023894146.jpg 646w,https:\/\/e01-phantom-elmundo.uecdn.es\/d5c5e6def22a368e107f007e4c696a2c\/crop\/70x59\/2987x2003\/resize\/920\/f\/webp\/assets\/multimedia\/imagenes\/2025\/11\/23\/17639023894146.jpg 920w,https:\/\/e01-phantom-elmundo.uecdn.es\/761748b1428faacbaba415b053ca91bb\/crop\/70x59\/2987x2003\/resize\/1220\/f\/webp\/assets\/multimedia\/imagenes\/2025\/11\/23\/17639023894146.jpg 1220w\" \/><\/div>\n<\/figure>\n<\/div>\n<div class=\"ue-l-article__body\" data-section=\"articleBody\">\n<div class=\"ue-c-article__bar\">\n<div class=\"ue-c-article__bar-body\">\n<div class=\"ue-c-article__author ue-c-article__author--horizontal-from-tablet\" aria-label=\"Redacci\u00f3n:\">\n<div class=\"ue-c-article__author-info\">\n<div class=\"ue-c-article__author-name\">\n<div class=\"ue-c-article__author-name-item\">EL MUNDO<\/div>\n<\/div>\n<\/div>\n<\/div>\n<\/div>\n<div class=\"ue-c-article__bar-footer\">\n<div class=\"ue-c-article__publishdate\" aria-label=\"Fecha de publicaci\u00f3n\"> Domingo,<br \/>\n23<br \/>\nnoviembre<br \/>\n2025<br \/>\n&#8211;<br \/>\n15:44<\/div>\n<\/div>\n<\/div>\n<div class=\"ue-c-article__body\" data-section=\"articleBody\">\n<div id=\"narration\" class=\"ue-c-streamlive\" role=\"region\" aria-label=\"Narraci\u00f3n\">\n<div id=\"divNarration\" class=\"ue-c-streamlive__body\">\n<article class=\"ue-c-streamlive-comment\" id=\"62\">\n<div class=\"ue-c-streamlive-comment__inner\">\n<div class=\"ue-c-streamlive-comment__header\">\n<div class=\"ue-c-streamlive-comment__time\"><span role=\"heading\">3-3<\/span><\/div>\n<\/div>\n<div class=\"ue-c-streamlive-comment__body\">\n<p class=\"ue-c-article__paragraph\">La contra dejada de Pablo Carre\u00f1o Busta se va fuera<\/p>\n<\/div>\n<div class=\"ue-c-streamlive-comment__footer\"><a class=\"ue-c-streamlive-comment__icon-rrss\" href=\"https:\/\/www.elmundo.es\/deportes\/tenis\/copa-davis\/f01-01-f02-02\/2025\/11\/23\/04_0416_20251123_136-directo.html\"><span class=\"hidden-content\">Compartir en X<\/span><\/a><\/div>\n<\/div>\n<\/article>\n<article class=\"ue-c-streamlive-comment\" id=\"61\">\n<div class=\"ue-c-streamlive-comment__inner\">\n<div class=\"ue-c-streamlive-comment__header\">\n<div class=\"ue-c-streamlive-comment__time\"><span role=\"heading\">3-3<\/span><\/div>\n<\/div>\n<div class=\"ue-c-streamlive-comment__body\">\n<p class=\"ue-c-article__paragraph\">Saque liftado de Matteo Berrettini, Pablo Carre\u00f1o Busta no puede precisar el resto y la bola se va fuera<\/p>\n<\/div>\n<div class=\"ue-c-streamlive-comment__footer\"><a class=\"ue-c-streamlive-comment__icon-rrss\" href=\"https:\/\/www.elmundo.es\/deportes\/tenis\/copa-davis\/f01-01-f02-02\/2025\/11\/23\/04_0416_20251123_136-directo.html\"><span class=\"hidden-content\">Compartir en X<\/span><\/a><\/div>\n<\/div>\n<\/article>\n<article class=\"ue-c-streamlive-comment\" id=\"60\">\n<div class=\"ue-c-streamlive-comment__inner\">\n<div class=\"ue-c-streamlive-comment__header\">\n<div class=\"ue-c-streamlive-comment__time\"><span role=\"heading\">3-3<\/span><\/div>\n<\/div>\n<div class=\"ue-c-streamlive-comment__body\">\n<p class=\"ue-c-article__paragraph\">Juego en blanco para Carre\u00f1o !!! Inconmensurable con su servicio hasta el momento&#8230;<\/p>\n<\/div>\n<div class=\"ue-c-streamlive-comment__footer\"><a class=\"ue-c-streamlive-comment__icon-rrss\" href=\"https:\/\/www.elmundo.es\/deportes\/tenis\/copa-davis\/f01-01-f02-02\/2025\/11\/23\/04_0416_20251123_136-directo.html\"><span class=\"hidden-content\">Compartir en X<\/span><\/a><\/div>\n<\/div>\n<\/article>\n<article class=\"ue-c-streamlive-comment\" id=\"59\">\n<div class=\"ue-c-streamlive-comment__inner\">\n<div class=\"ue-c-streamlive-comment__header\">\n<div class=\"ue-c-streamlive-comment__time\"><span role=\"heading\">3-3<\/span><\/div>\n<\/div>\n<div class=\"ue-c-streamlive-comment__body\">\n<p class=\"ue-c-article__paragraph\">Saque liftado de Pablo Carre\u00f1o Busta, Matteo Berrettini no puede precisar el resto y la bola se va fuera<\/p>\n<\/div>\n<div class=\"ue-c-streamlive-comment__footer\"><a class=\"ue-c-streamlive-comment__icon-rrss\" href=\"https:\/\/www.elmundo.es\/deportes\/tenis\/copa-davis\/f01-01-f02-02\/2025\/11\/23\/04_0416_20251123_136-directo.html\"><span class=\"hidden-content\">Compartir en X<\/span><\/a><\/div>\n<\/div>\n<\/article>\n<article class=\"ue-c-streamlive-comment\" id=\"58\">\n<div class=\"ue-c-streamlive-comment__inner\">\n<div class=\"ue-c-streamlive-comment__header\">\n<div class=\"ue-c-streamlive-comment__time\"><span role=\"heading\">2-3<\/span><\/div>\n<\/div>\n<div class=\"ue-c-streamlive-comment__body\">\n<p class=\"ue-c-article__paragraph\">Saque liftado de Pablo Carre\u00f1o Busta, Matteo Berrettini no puede precisar el resto y la bola se va fuera<\/p>\n<\/div>\n<div class=\"ue-c-streamlive-comment__footer\"><a class=\"ue-c-streamlive-comment__icon-rrss\" href=\"https:\/\/www.elmundo.es\/deportes\/tenis\/copa-davis\/f01-01-f02-02\/2025\/11\/23\/04_0416_20251123_136-directo.html\"><span class=\"hidden-content\">Compartir en X<\/span><\/a><\/div>\n<\/div>\n<\/article>\n<article class=\"ue-c-streamlive-comment\" id=\"57\">\n<div class=\"ue-c-streamlive-comment__inner\">\n<div class=\"ue-c-streamlive-comment__header\">\n<div class=\"ue-c-streamlive-comment__time\"><span role=\"heading\">2-3<\/span><\/div>\n<\/div>\n<div class=\"ue-c-streamlive-comment__body\">\n<p class=\"ue-c-article__paragraph\">Gran golpe de derecha desde el fondo de la pista de Pablo Carre\u00f1o Busta que supera a Matteo Berrettini y consigue el punto<\/p>\n<\/div>\n<div class=\"ue-c-streamlive-comment__footer\"><a class=\"ue-c-streamlive-comment__icon-rrss\" href=\"https:\/\/www.elmundo.es\/deportes\/tenis\/copa-davis\/f01-01-f02-02\/2025\/11\/23\/04_0416_20251123_136-directo.html\"><span class=\"hidden-content\">Compartir en X<\/span><\/a><\/div>\n<\/div>\n<\/article>\n<article class=\"ue-c-streamlive-comment\" id=\"56\">\n<div class=\"ue-c-streamlive-comment__inner\">\n<div class=\"ue-c-streamlive-comment__header\">\n<div class=\"ue-c-streamlive-comment__time\"><span role=\"heading\">2-3<\/span><\/div>\n<\/div>\n<div class=\"ue-c-streamlive-comment__body\">\n<p class=\"ue-c-article__paragraph\">Matteo Berrettini estrella su golpe de rev\u00e9s en la red <\/p>\n<\/div>\n<div class=\"ue-c-streamlive-comment__footer\"><a class=\"ue-c-streamlive-comment__icon-rrss\" href=\"https:\/\/www.elmundo.es\/deportes\/tenis\/copa-davis\/f01-01-f02-02\/2025\/11\/23\/04_0416_20251123_136-directo.html\"><span class=\"hidden-content\">Compartir en X<\/span><\/a><\/div>\n<\/div>\n<\/article>\n<article class=\"ue-c-streamlive-comment\" id=\"55\">\n<div class=\"ue-c-streamlive-comment__inner\">\n<div class=\"ue-c-streamlive-comment__header\">\n<div class=\"ue-c-streamlive-comment__time\"><span role=\"heading\">2-3<\/span><\/div>\n<\/div>\n<div class=\"ue-c-streamlive-comment__body\">\n<p class=\"ue-c-article__paragraph\">El golpe de derecha de Pablo Carre\u00f1o Busta se va fuera<\/p>\n<\/div>\n<div class=\"ue-c-streamlive-comment__footer\"><a class=\"ue-c-streamlive-comment__icon-rrss\" href=\"https:\/\/www.elmundo.es\/deportes\/tenis\/copa-davis\/f01-01-f02-02\/2025\/11\/23\/04_0416_20251123_136-directo.html\"><span class=\"hidden-content\">Compartir en X<\/span><\/a><\/div>\n<\/div>\n<\/article>\n<article class=\"ue-c-streamlive-comment\" id=\"54\">\n<div class=\"ue-c-streamlive-comment__inner\">\n<div class=\"ue-c-streamlive-comment__header\">\n<div class=\"ue-c-streamlive-comment__time\"><span role=\"heading\">2-2<\/span><\/div>\n<\/div>\n<div class=\"ue-c-streamlive-comment__body\">\n<p class=\"ue-c-article__paragraph\">Segundo servicio liftado de Matteo Berrettini, Pablo Carre\u00f1o Busta no puede precisar el resto y la bola se va fuera<\/p>\n<\/div>\n<div class=\"ue-c-streamlive-comment__footer\"><a class=\"ue-c-streamlive-comment__icon-rrss\" href=\"https:\/\/www.elmundo.es\/deportes\/tenis\/copa-davis\/f01-01-f02-02\/2025\/11\/23\/04_0416_20251123_136-directo.html\"><span class=\"hidden-content\">Compartir en X<\/span><\/a><\/div>\n<\/div>\n<\/article>\n<article class=\"ue-c-streamlive-comment\" id=\"53\">\n<div class=\"ue-c-streamlive-comment__inner\">\n<div class=\"ue-c-streamlive-comment__header\">\n<div class=\"ue-c-streamlive-comment__time\"><span role=\"heading\">2-2<\/span><\/div>\n<\/div>\n<div class=\"ue-c-streamlive-comment__body\">\n<p class=\"ue-c-article__paragraph\">Gran resto de derecha de Pablo Carre\u00f1o Busta que supera a Matteo Berrettini y consigue el punto<\/p>\n<\/div>\n<div class=\"ue-c-streamlive-comment__footer\"><a class=\"ue-c-streamlive-comment__icon-rrss\" href=\"https:\/\/www.elmundo.es\/deportes\/tenis\/copa-davis\/f01-01-f02-02\/2025\/11\/23\/04_0416_20251123_136-directo.html\"><span class=\"hidden-content\">Compartir en X<\/span><\/a><\/div>\n<\/div>\n<\/article>\n<article class=\"ue-c-streamlive-comment\" id=\"52\">\n<div class=\"ue-c-streamlive-comment__inner\">\n<div class=\"ue-c-streamlive-comment__header\">\n<div class=\"ue-c-streamlive-comment__time\"><span role=\"heading\">2-2<\/span><\/div>\n<\/div>\n<div class=\"ue-c-streamlive-comment__body\">\n<p class=\"ue-c-article__paragraph\">Matteo Berrettini estrella su golpe de derecha en la red <\/p>\n<\/div>\n<div class=\"ue-c-streamlive-comment__footer\"><a class=\"ue-c-streamlive-comment__icon-rrss\" href=\"https:\/\/www.elmundo.es\/deportes\/tenis\/copa-davis\/f01-01-f02-02\/2025\/11\/23\/04_0416_20251123_136-directo.html\"><span class=\"hidden-content\">Compartir en X<\/span><\/a><\/div>\n<\/div>\n<\/article>\n<article class=\"ue-c-streamlive-comment\" id=\"51\">\n<div class=\"ue-c-streamlive-comment__inner\">\n<div class=\"ue-c-streamlive-comment__header\">\n<div class=\"ue-c-streamlive-comment__time\"><span role=\"heading\">2-2<\/span><\/div>\n<\/div>\n<div class=\"ue-c-streamlive-comment__body\">\n<p class=\"ue-c-article__paragraph\">Ace de Matteo Berrettini con un saque liftado que no puede devolver Pablo Carre\u00f1o Busta<\/p>\n<\/div>\n<div class=\"ue-c-streamlive-comment__footer\"><a class=\"ue-c-streamlive-comment__icon-rrss\" href=\"https:\/\/www.elmundo.es\/deportes\/tenis\/copa-davis\/f01-01-f02-02\/2025\/11\/23\/04_0416_20251123_136-directo.html\"><span class=\"hidden-content\">Compartir en X<\/span><\/a><\/div>\n<\/div>\n<\/article>\n<article class=\"ue-c-streamlive-comment\" id=\"50\">\n<div class=\"ue-c-streamlive-comment__inner\">\n<div class=\"ue-c-streamlive-comment__header\">\n<div class=\"ue-c-streamlive-comment__time\"><span role=\"heading\">2-2<\/span><\/div>\n<\/div>\n<div class=\"ue-c-streamlive-comment__body\">\n<p class=\"ue-c-article__paragraph\">El golpe de derecha de Pablo Carre\u00f1o Busta se va fuera<\/p>\n<\/div>\n<div class=\"ue-c-streamlive-comment__footer\"><a class=\"ue-c-streamlive-comment__icon-rrss\" href=\"https:\/\/www.elmundo.es\/deportes\/tenis\/copa-davis\/f01-01-f02-02\/2025\/11\/23\/04_0416_20251123_136-directo.html\"><span class=\"hidden-content\">Compartir en X<\/span><\/a><\/div>\n<\/div>\n<\/article>\n<article class=\"ue-c-streamlive-comment\" id=\"49\">\n<div class=\"ue-c-streamlive-comment__inner\">\n<div class=\"ue-c-streamlive-comment__header\">\n<div class=\"ue-c-streamlive-comment__time\"><span role=\"heading\">2-2<\/span><\/div>\n<\/div>\n<div class=\"ue-c-streamlive-comment__body\">\n<p class=\"ue-c-article__paragraph\">Muy s\u00f3lido Pablo Carre\u00f1o con el saque. El tenista asturiano est\u00e1 jugando con mucho aplomo y no se est\u00e1 viendo condicionado por el ambien en contra en pista.<\/p>\n<\/div>\n<div class=\"ue-c-streamlive-comment__footer\"><a class=\"ue-c-streamlive-comment__icon-rrss\" href=\"https:\/\/www.elmundo.es\/deportes\/tenis\/copa-davis\/f01-01-f02-02\/2025\/11\/23\/04_0416_20251123_136-directo.html\"><span class=\"hidden-content\">Compartir en X<\/span><\/a><\/div>\n<\/div>\n<\/article>\n<article class=\"ue-c-streamlive-comment\" id=\"48\">\n<div class=\"ue-c-streamlive-comment__inner\">\n<div class=\"ue-c-streamlive-comment__header\">\n<div class=\"ue-c-streamlive-comment__time\"><span role=\"heading\">2-2<\/span><\/div>\n<\/div>\n<div class=\"ue-c-streamlive-comment__body\">\n<p class=\"ue-c-article__paragraph\">Saque liftado de Pablo Carre\u00f1o Busta, Matteo Berrettini no puede precisar el resto y la bola se va fuera<\/p>\n<\/div>\n<div class=\"ue-c-streamlive-comment__footer\"><a class=\"ue-c-streamlive-comment__icon-rrss\" href=\"https:\/\/www.elmundo.es\/deportes\/tenis\/copa-davis\/f01-01-f02-02\/2025\/11\/23\/04_0416_20251123_136-directo.html\"><span class=\"hidden-content\">Compartir en X<\/span><\/a><\/div>\n<\/div>\n<\/article>\n<article class=\"ue-c-streamlive-comment\" id=\"47\">\n<div class=\"ue-c-streamlive-comment__inner\">\n<div class=\"ue-c-streamlive-comment__header\">\n<div class=\"ue-c-streamlive-comment__time\"><span role=\"heading\">1-2<\/span><\/div>\n<\/div>\n<div class=\"ue-c-streamlive-comment__body\">\n<p class=\"ue-c-article__paragraph\">Saque liftado de Pablo Carre\u00f1o Busta, Matteo Berrettini no puede precisar el resto y la bola se va fuera<\/p>\n<\/div>\n<div class=\"ue-c-streamlive-comment__footer\"><a class=\"ue-c-streamlive-comment__icon-rrss\" href=\"https:\/\/www.elmundo.es\/deportes\/tenis\/copa-davis\/f01-01-f02-02\/2025\/11\/23\/04_0416_20251123_136-directo.html\"><span class=\"hidden-content\">Compartir en X<\/span><\/a><\/div>\n<\/div>\n<\/article>\n<article class=\"ue-c-streamlive-comment\" id=\"46\">\n<div class=\"ue-c-streamlive-comment__inner\">\n<div class=\"ue-c-streamlive-comment__header\">\n<div class=\"ue-c-streamlive-comment__time\"><span role=\"heading\">1-2<\/span><\/div>\n<\/div>\n<div class=\"ue-c-streamlive-comment__body\">\n<p class=\"ue-c-article__paragraph\">El golpe de derecha de Matteo Berrettini se va fuera<\/p>\n<\/div>\n<div class=\"ue-c-streamlive-comment__footer\"><a class=\"ue-c-streamlive-comment__icon-rrss\" href=\"https:\/\/www.elmundo.es\/deportes\/tenis\/copa-davis\/f01-01-f02-02\/2025\/11\/23\/04_0416_20251123_136-directo.html\"><span class=\"hidden-content\">Compartir en X<\/span><\/a><\/div>\n<\/div>\n<\/article>\n<article class=\"ue-c-streamlive-comment\" id=\"45\">\n<div class=\"ue-c-streamlive-comment__inner\">\n<div class=\"ue-c-streamlive-comment__header\">\n<div class=\"ue-c-streamlive-comment__time\"><span role=\"heading\">1-2<\/span><\/div>\n<\/div>\n<div class=\"ue-c-streamlive-comment__body\">\n<p class=\"ue-c-article__paragraph\">Pablo Carre\u00f1o Busta estrella su golpe de rev\u00e9s en la red <\/p>\n<\/div>\n<div class=\"ue-c-streamlive-comment__footer\"><a class=\"ue-c-streamlive-comment__icon-rrss\" href=\"https:\/\/www.elmundo.es\/deportes\/tenis\/copa-davis\/f01-01-f02-02\/2025\/11\/23\/04_0416_20251123_136-directo.html\"><span class=\"hidden-content\">Compartir en X<\/span><\/a><\/div>\n<\/div>\n<\/article>\n<article class=\"ue-c-streamlive-comment\" id=\"44\">\n<div class=\"ue-c-streamlive-comment__inner\">\n<div class=\"ue-c-streamlive-comment__header\">\n<div class=\"ue-c-streamlive-comment__time\"><span role=\"heading\">1-2<\/span><\/div>\n<\/div>\n<div class=\"ue-c-streamlive-comment__body\">\n<p class=\"ue-c-article__paragraph\">Gran golpe de derecha desde el fondo de la pista de Matteo Berrettini que supera a Pablo Carre\u00f1o Busta y consigue el punto<\/p>\n<\/div>\n<div class=\"ue-c-streamlive-comment__footer\"><a class=\"ue-c-streamlive-comment__icon-rrss\" href=\"https:\/\/www.elmundo.es\/deportes\/tenis\/copa-davis\/f01-01-f02-02\/2025\/11\/23\/04_0416_20251123_136-directo.html\"><span class=\"hidden-content\">Compartir en X<\/span><\/a><\/div>\n<\/div>\n<\/article>\n<article class=\"ue-c-streamlive-comment\" id=\"43\">\n<div class=\"ue-c-streamlive-comment__inner\">\n<div class=\"ue-c-streamlive-comment__header\">\n<div class=\"ue-c-streamlive-comment__time\"><span role=\"heading\">1-2<\/span><\/div>\n<\/div>\n<div class=\"ue-c-streamlive-comment__body\">\n<p class=\"ue-c-article__paragraph\">Saque liftado de Pablo Carre\u00f1o Busta, Matteo Berrettini no puede precisar el resto y la bola se va fuera<\/p>\n<\/div>\n<div class=\"ue-c-streamlive-comment__footer\"><a class=\"ue-c-streamlive-comment__icon-rrss\" href=\"https:\/\/www.elmundo.es\/deportes\/tenis\/copa-davis\/f01-01-f02-02\/2025\/11\/23\/04_0416_20251123_136-directo.html\"><span class=\"hidden-content\">Compartir en X<\/span><\/a><\/div>\n<\/div>\n<\/article>\n<article class=\"ue-c-streamlive-comment\" id=\"42\">\n<div class=\"ue-c-streamlive-comment__inner\">\n<div class=\"ue-c-streamlive-comment__header\">\n<div class=\"ue-c-streamlive-comment__time\"><span role=\"heading\">1-2<\/span><\/div>\n<\/div>\n<div class=\"ue-c-streamlive-comment__body\">\n<p class=\"ue-c-article__paragraph\">Algo m\u00e1s atascado ahora en este turno de saque, pero Matteo Berrettini lo termina solventando bien.<\/p>\n<\/div>\n<div class=\"ue-c-streamlive-comment__footer\"><a class=\"ue-c-streamlive-comment__icon-rrss\" href=\"https:\/\/www.elmundo.es\/deportes\/tenis\/copa-davis\/f01-01-f02-02\/2025\/11\/23\/04_0416_20251123_136-directo.html\"><span class=\"hidden-content\">Compartir en X<\/span><\/a><\/div>\n<\/div>\n<\/article>\n<article class=\"ue-c-streamlive-comment\" id=\"41\">\n<div class=\"ue-c-streamlive-comment__inner\">\n<div class=\"ue-c-streamlive-comment__header\">\n<div class=\"ue-c-streamlive-comment__time\"><span role=\"heading\">1-2<\/span><\/div>\n<\/div>\n<div class=\"ue-c-streamlive-comment__body\">\n<p class=\"ue-c-article__paragraph\">Segundo servicio liftado de Matteo Berrettini, Pablo Carre\u00f1o Busta no puede precisar el resto y la bola se va fuera<\/p>\n<\/div>\n<div class=\"ue-c-streamlive-comment__footer\"><a class=\"ue-c-streamlive-comment__icon-rrss\" href=\"https:\/\/www.elmundo.es\/deportes\/tenis\/copa-davis\/f01-01-f02-02\/2025\/11\/23\/04_0416_20251123_136-directo.html\"><span class=\"hidden-content\">Compartir en X<\/span><\/a><\/div>\n<\/div>\n<\/article>\n<article class=\"ue-c-streamlive-comment\" id=\"40\">\n<div class=\"ue-c-streamlive-comment__inner\">\n<div class=\"ue-c-streamlive-comment__header\">\n<div class=\"ue-c-streamlive-comment__time\"><span role=\"heading\">1-1<\/span><\/div>\n<\/div>\n<div class=\"ue-c-streamlive-comment__body\">\n<p class=\"ue-c-article__paragraph\">Matteo Berrettini con una volea cercana a la red consigue el punto<\/p>\n<\/div>\n<div class=\"ue-c-streamlive-comment__footer\"><a class=\"ue-c-streamlive-comment__icon-rrss\" href=\"https:\/\/www.elmundo.es\/deportes\/tenis\/copa-davis\/f01-01-f02-02\/2025\/11\/23\/04_0416_20251123_136-directo.html\"><span class=\"hidden-content\">Compartir en X<\/span><\/a><\/div>\n<\/div>\n<\/article>\n<article class=\"ue-c-streamlive-comment\" id=\"39\">\n<div class=\"ue-c-streamlive-comment__inner\">\n<div class=\"ue-c-streamlive-comment__header\">\n<div class=\"ue-c-streamlive-comment__time\"><span role=\"heading\">1-1<\/span><\/div>\n<\/div>\n<div class=\"ue-c-streamlive-comment__body\">\n<p class=\"ue-c-article__paragraph\">El rev\u00e9s de Matteo Berrettini se va fuera<\/p>\n<\/div>\n<div class=\"ue-c-streamlive-comment__footer\"><a class=\"ue-c-streamlive-comment__icon-rrss\" href=\"https:\/\/www.elmundo.es\/deportes\/tenis\/copa-davis\/f01-01-f02-02\/2025\/11\/23\/04_0416_20251123_136-directo.html\"><span class=\"hidden-content\">Compartir en X<\/span><\/a><\/div>\n<\/div>\n<\/article>\n<article class=\"ue-c-streamlive-comment\" id=\"38\">\n<div class=\"ue-c-streamlive-comment__inner\">\n<div class=\"ue-c-streamlive-comment__header\">\n<div class=\"ue-c-streamlive-comment__time\"><span role=\"heading\">1-1<\/span><\/div>\n<\/div>\n<div class=\"ue-c-streamlive-comment__body\">\n<p class=\"ue-c-article__paragraph\">Ace de Matteo Berrettini con un saque liftado que no puede devolver Pablo Carre\u00f1o Busta<\/p>\n<\/div>\n<div class=\"ue-c-streamlive-comment__footer\"><a class=\"ue-c-streamlive-comment__icon-rrss\" href=\"https:\/\/www.elmundo.es\/deportes\/tenis\/copa-davis\/f01-01-f02-02\/2025\/11\/23\/04_0416_20251123_136-directo.html\"><span class=\"hidden-content\">Compartir en X<\/span><\/a><\/div>\n<\/div>\n<\/article>\n<article class=\"ue-c-streamlive-comment\" id=\"37\">\n<div class=\"ue-c-streamlive-comment__inner\">\n<div class=\"ue-c-streamlive-comment__header\">\n<div class=\"ue-c-streamlive-comment__time\"><span role=\"heading\">1-1<\/span><\/div>\n<\/div>\n<div class=\"ue-c-streamlive-comment__body\">\n<p class=\"ue-c-article__paragraph\">Matteo Berrettini estrella su golpe de rev\u00e9s en la red <\/p>\n<\/div>\n<div class=\"ue-c-streamlive-comment__footer\"><a class=\"ue-c-streamlive-comment__icon-rrss\" href=\"https:\/\/www.elmundo.es\/deportes\/tenis\/copa-davis\/f01-01-f02-02\/2025\/11\/23\/04_0416_20251123_136-directo.html\"><span class=\"hidden-content\">Compartir en X<\/span><\/a><\/div>\n<\/div>\n<\/article>\n<article class=\"ue-c-streamlive-comment\" id=\"36\">\n<div class=\"ue-c-streamlive-comment__inner\">\n<div class=\"ue-c-streamlive-comment__header\">\n<div class=\"ue-c-streamlive-comment__time\"><span role=\"heading\">1-1<\/span><\/div>\n<\/div>\n<div class=\"ue-c-streamlive-comment__body\">\n<p class=\"ue-c-article__paragraph\">Segundo servicio liftado de Matteo Berrettini, Pablo Carre\u00f1o Busta no puede precisar el resto y la bola se va fuera<\/p>\n<\/div>\n<div class=\"ue-c-streamlive-comment__footer\"><a class=\"ue-c-streamlive-comment__icon-rrss\" href=\"https:\/\/www.elmundo.es\/deportes\/tenis\/copa-davis\/f01-01-f02-02\/2025\/11\/23\/04_0416_20251123_136-directo.html\"><span class=\"hidden-content\">Compartir en X<\/span><\/a><\/div>\n<\/div>\n<\/article>\n<article class=\"ue-c-streamlive-comment\" id=\"35\">\n<div class=\"ue-c-streamlive-comment__inner\">\n<div class=\"ue-c-streamlive-comment__header\">\n<div class=\"ue-c-streamlive-comment__time\"><span role=\"heading\">1-1<\/span><\/div>\n<\/div>\n<div class=\"ue-c-streamlive-comment__body\">\n<p class=\"ue-c-article__paragraph\">Saque liftado de Matteo Berrettini, Pablo Carre\u00f1o Busta no puede precisar el resto y la bola se va fuera<\/p>\n<\/div>\n<div class=\"ue-c-streamlive-comment__footer\"><a class=\"ue-c-streamlive-comment__icon-rrss\" href=\"https:\/\/www.elmundo.es\/deportes\/tenis\/copa-davis\/f01-01-f02-02\/2025\/11\/23\/04_0416_20251123_136-directo.html\"><span class=\"hidden-content\">Compartir en X<\/span><\/a><\/div>\n<\/div>\n<\/article>\n<article class=\"ue-c-streamlive-comment\" id=\"34\">\n<div class=\"ue-c-streamlive-comment__inner\">\n<div class=\"ue-c-streamlive-comment__header\">\n<div class=\"ue-c-streamlive-comment__time\"><span role=\"heading\">1-1<\/span><\/div>\n<\/div>\n<div class=\"ue-c-streamlive-comment__body\">\n<p class=\"ue-c-article__paragraph\">El golpe de derecha de Matteo Berrettini se va fuera<\/p>\n<\/div>\n<div class=\"ue-c-streamlive-comment__footer\"><a class=\"ue-c-streamlive-comment__icon-rrss\" href=\"https:\/\/www.elmundo.es\/deportes\/tenis\/copa-davis\/f01-01-f02-02\/2025\/11\/23\/04_0416_20251123_136-directo.html\"><span class=\"hidden-content\">Compartir en X<\/span><\/a><\/div>\n<\/div>\n<\/article>\n<article class=\"ue-c-streamlive-comment\" id=\"33\">\n<div class=\"ue-c-streamlive-comment__inner\">\n<div class=\"ue-c-streamlive-comment__header\">\n<div class=\"ue-c-streamlive-comment__time\"><span role=\"heading\">1-1<\/span><\/div>\n<\/div>\n<div class=\"ue-c-streamlive-comment__body\">\n<p class=\"ue-c-article__paragraph\">Aguanta bien con su servicio Pablo Carre\u00f1o !!! El gijon\u00e9s inaugura su casillero de juegos.<\/p>\n<\/div>\n<div class=\"ue-c-streamlive-comment__footer\"><a class=\"ue-c-streamlive-comment__icon-rrss\" href=\"https:\/\/www.elmundo.es\/deportes\/tenis\/copa-davis\/f01-01-f02-02\/2025\/11\/23\/04_0416_20251123_136-directo.html\"><span class=\"hidden-content\">Compartir en X<\/span><\/a><\/div>\n<\/div>\n<\/article>\n<article class=\"ue-c-streamlive-comment\" id=\"32\">\n<div class=\"ue-c-streamlive-comment__inner\">\n<div class=\"ue-c-streamlive-comment__header\">\n<div class=\"ue-c-streamlive-comment__time\"><span role=\"heading\">1-1<\/span><\/div>\n<\/div>\n<div class=\"ue-c-streamlive-comment__body\">\n<p class=\"ue-c-article__paragraph\">El golpe de derecha de Matteo Berrettini se va fuera<\/p>\n<\/div>\n<div class=\"ue-c-streamlive-comment__footer\"><a class=\"ue-c-streamlive-comment__icon-rrss\" href=\"https:\/\/www.elmundo.es\/deportes\/tenis\/copa-davis\/f01-01-f02-02\/2025\/11\/23\/04_0416_20251123_136-directo.html\"><span class=\"hidden-content\">Compartir en X<\/span><\/a><\/div>\n<\/div>\n<\/article>\n<article class=\"ue-c-streamlive-comment\" id=\"31\">\n<div class=\"ue-c-streamlive-comment__inner\">\n<div class=\"ue-c-streamlive-comment__header\">\n<div class=\"ue-c-streamlive-comment__time\"><span role=\"heading\">0-1<\/span><\/div>\n<\/div>\n<div class=\"ue-c-streamlive-comment__body\">\n<p class=\"ue-c-article__paragraph\">Saque liftado de Pablo Carre\u00f1o Busta, Matteo Berrettini no puede precisar el resto y la bola se va fuera<\/p>\n<\/div>\n<div class=\"ue-c-streamlive-comment__footer\"><a class=\"ue-c-streamlive-comment__icon-rrss\" href=\"https:\/\/www.elmundo.es\/deportes\/tenis\/copa-davis\/f01-01-f02-02\/2025\/11\/23\/04_0416_20251123_136-directo.html\"><span class=\"hidden-content\">Compartir en X<\/span><\/a><\/div>\n<\/div>\n<\/article>\n<article class=\"ue-c-streamlive-comment\" id=\"30\">\n<div class=\"ue-c-streamlive-comment__inner\">\n<div class=\"ue-c-streamlive-comment__header\">\n<div class=\"ue-c-streamlive-comment__time\"><span role=\"heading\">0-1<\/span><\/div>\n<\/div>\n<div class=\"ue-c-streamlive-comment__body\">\n<p class=\"ue-c-article__paragraph\">Matteo Berrettini estrella su golpe de rev\u00e9s en la red <\/p>\n<\/div>\n<div class=\"ue-c-streamlive-comment__footer\"><a class=\"ue-c-streamlive-comment__icon-rrss\" href=\"https:\/\/www.elmundo.es\/deportes\/tenis\/copa-davis\/f01-01-f02-02\/2025\/11\/23\/04_0416_20251123_136-directo.html\"><span class=\"hidden-content\">Compartir en X<\/span><\/a><\/div>\n<\/div>\n<\/article>\n<article class=\"ue-c-streamlive-comment\" id=\"29\">\n<div class=\"ue-c-streamlive-comment__inner\">\n<div class=\"ue-c-streamlive-comment__header\">\n<div class=\"ue-c-streamlive-comment__time\"><span role=\"heading\">0-1<\/span><\/div>\n<\/div>\n<div class=\"ue-c-streamlive-comment__body\">\n<p class=\"ue-c-article__paragraph\">El golpe de derecha de Pablo Carre\u00f1o Busta se va fuera<\/p>\n<\/div>\n<div class=\"ue-c-streamlive-comment__footer\"><a class=\"ue-c-streamlive-comment__icon-rrss\" href=\"https:\/\/www.elmundo.es\/deportes\/tenis\/copa-davis\/f01-01-f02-02\/2025\/11\/23\/04_0416_20251123_136-directo.html\"><span class=\"hidden-content\">Compartir en X<\/span><\/a><\/div>\n<\/div>\n<\/article>\n<article class=\"ue-c-streamlive-comment\" id=\"28\">\n<div class=\"ue-c-streamlive-comment__inner\">\n<div class=\"ue-c-streamlive-comment__header\">\n<div class=\"ue-c-streamlive-comment__time\"><span role=\"heading\">0-1<\/span><\/div>\n<\/div>\n<div class=\"ue-c-streamlive-comment__body\">\n<p class=\"ue-c-article__paragraph\">Pablo Carre\u00f1o Busta estrella su golpe de derecha en la red <\/p>\n<\/div>\n<div class=\"ue-c-streamlive-comment__footer\"><a class=\"ue-c-streamlive-comment__icon-rrss\" href=\"https:\/\/www.elmundo.es\/deportes\/tenis\/copa-davis\/f01-01-f02-02\/2025\/11\/23\/04_0416_20251123_136-directo.html\"><span class=\"hidden-content\">Compartir en X<\/span><\/a><\/div>\n<\/div>\n<\/article>\n<article class=\"ue-c-streamlive-comment\" id=\"27\">\n<div class=\"ue-c-streamlive-comment__inner\">\n<div class=\"ue-c-streamlive-comment__header\">\n<div class=\"ue-c-streamlive-comment__time\"><span role=\"heading\">0-1<\/span><\/div>\n<\/div>\n<div class=\"ue-c-streamlive-comment__body\">\n<p class=\"ue-c-article__paragraph\">Matteo Berrettini estrella su golpe de rev\u00e9s en la red <\/p>\n<\/div>\n<div class=\"ue-c-streamlive-comment__footer\"><a class=\"ue-c-streamlive-comment__icon-rrss\" href=\"https:\/\/www.elmundo.es\/deportes\/tenis\/copa-davis\/f01-01-f02-02\/2025\/11\/23\/04_0416_20251123_136-directo.html\"><span class=\"hidden-content\">Compartir en X<\/span><\/a><\/div>\n<\/div>\n<\/article>\n<article class=\"ue-c-streamlive-comment\" id=\"26\">\n<div class=\"ue-c-streamlive-comment__inner\">\n<div class=\"ue-c-streamlive-comment__header\">\n<div class=\"ue-c-streamlive-comment__time\"><span role=\"heading\">0-1<\/span><\/div>\n<\/div>\n<div class=\"ue-c-streamlive-comment__body\">\n<p class=\"ue-c-article__paragraph\">Se lleva Italia el primer juego del partido. El tenista romano ha impuesto su acierto con los primeros, logrando dos saques directos en este game inaugural.<\/p>\n<\/div>\n<div class=\"ue-c-streamlive-comment__footer\"><a class=\"ue-c-streamlive-comment__icon-rrss\" href=\"https:\/\/www.elmundo.es\/deportes\/tenis\/copa-davis\/f01-01-f02-02\/2025\/11\/23\/04_0416_20251123_136-directo.html\"><span class=\"hidden-content\">Compartir en X<\/span><\/a><\/div>\n<\/div>\n<\/article>\n<article class=\"ue-c-streamlive-comment\" id=\"25\">\n<div class=\"ue-c-streamlive-comment__inner\">\n<div class=\"ue-c-streamlive-comment__header\">\n<div class=\"ue-c-streamlive-comment__time\"><span role=\"heading\">0-1<\/span><\/div>\n<\/div>\n<div class=\"ue-c-streamlive-comment__body\">\n<p class=\"ue-c-article__paragraph\">Ace de Matteo Berrettini con un saque liftado que no puede devolver Pablo Carre\u00f1o Busta<\/p>\n<\/div>\n<div class=\"ue-c-streamlive-comment__footer\"><a class=\"ue-c-streamlive-comment__icon-rrss\" href=\"https:\/\/www.elmundo.es\/deportes\/tenis\/copa-davis\/f01-01-f02-02\/2025\/11\/23\/04_0416_20251123_136-directo.html\"><span class=\"hidden-content\">Compartir en X<\/span><\/a><\/div>\n<\/div>\n<\/article>\n<article class=\"ue-c-streamlive-comment\" id=\"24\">\n<div class=\"ue-c-streamlive-comment__inner\">\n<div class=\"ue-c-streamlive-comment__header\">\n<div class=\"ue-c-streamlive-comment__time\"><span role=\"heading\">0-0<\/span><\/div>\n<\/div>\n<div class=\"ue-c-streamlive-comment__body\">\n<p class=\"ue-c-article__paragraph\">El golpe de derecha de Matteo Berrettini se va fuera<\/p>\n<\/div>\n<div class=\"ue-c-streamlive-comment__footer\"><a class=\"ue-c-streamlive-comment__icon-rrss\" href=\"https:\/\/www.elmundo.es\/deportes\/tenis\/copa-davis\/f01-01-f02-02\/2025\/11\/23\/04_0416_20251123_136-directo.html\"><span class=\"hidden-content\">Compartir en X<\/span><\/a><\/div>\n<\/div>\n<\/article>\n<article class=\"ue-c-streamlive-comment\" id=\"23\">\n<div class=\"ue-c-streamlive-comment__inner\">\n<div class=\"ue-c-streamlive-comment__header\">\n<div class=\"ue-c-streamlive-comment__time\"><span role=\"heading\">0-0<\/span><\/div>\n<\/div>\n<div class=\"ue-c-streamlive-comment__body\">\n<p class=\"ue-c-article__paragraph\">El rev\u00e9s de Matteo Berrettini se va fuera<\/p>\n<\/div>\n<div class=\"ue-c-streamlive-comment__footer\"><a class=\"ue-c-streamlive-comment__icon-rrss\" href=\"https:\/\/www.elmundo.es\/deportes\/tenis\/copa-davis\/f01-01-f02-02\/2025\/11\/23\/04_0416_20251123_136-directo.html\"><span class=\"hidden-content\">Compartir en X<\/span><\/a><\/div>\n<\/div>\n<\/article>\n<article class=\"ue-c-streamlive-comment\" id=\"22\">\n<div class=\"ue-c-streamlive-comment__inner\">\n<div class=\"ue-c-streamlive-comment__header\">\n<div class=\"ue-c-streamlive-comment__time\"><span role=\"heading\">0-0<\/span><\/div>\n<\/div>\n<div class=\"ue-c-streamlive-comment__body\">\n<p class=\"ue-c-article__paragraph\">El rev\u00e9s de Pablo Carre\u00f1o Busta se va fuera<\/p>\n<\/div>\n<div class=\"ue-c-streamlive-comment__footer\"><a class=\"ue-c-streamlive-comment__icon-rrss\" href=\"https:\/\/www.elmundo.es\/deportes\/tenis\/copa-davis\/f01-01-f02-02\/2025\/11\/23\/04_0416_20251123_136-directo.html\"><span class=\"hidden-content\">Compartir en X<\/span><\/a><\/div>\n<\/div>\n<\/article>\n<article class=\"ue-c-streamlive-comment\" id=\"21\">\n<div class=\"ue-c-streamlive-comment__inner\">\n<div class=\"ue-c-streamlive-comment__header\">\n<div class=\"ue-c-streamlive-comment__time\"><span role=\"heading\">0-0<\/span><\/div>\n<\/div>\n<div class=\"ue-c-streamlive-comment__body\">\n<p class=\"ue-c-article__paragraph\">Saque liftado de Matteo Berrettini, Pablo Carre\u00f1o Busta no puede precisar el resto y la bola se va fuera<\/p>\n<\/div>\n<div class=\"ue-c-streamlive-comment__footer\"><a class=\"ue-c-streamlive-comment__icon-rrss\" href=\"https:\/\/www.elmundo.es\/deportes\/tenis\/copa-davis\/f01-01-f02-02\/2025\/11\/23\/04_0416_20251123_136-directo.html\"><span class=\"hidden-content\">Compartir en X<\/span><\/a><\/div>\n<\/div>\n<\/article>\n<article class=\"ue-c-streamlive-comment\" id=\"20\">\n<div class=\"ue-c-streamlive-comment__inner\">\n<div class=\"ue-c-streamlive-comment__header\">\n<div class=\"ue-c-streamlive-comment__time\"><span role=\"heading\">0-0<\/span><\/div>\n<\/div>\n<div class=\"ue-c-streamlive-comment__body\">\n<p class=\"ue-c-article__paragraph\">Ace de Matteo Berrettini con un saque liftado que no puede devolver Pablo Carre\u00f1o Busta<\/p>\n<\/div>\n<div class=\"ue-c-streamlive-comment__footer\"><a class=\"ue-c-streamlive-comment__icon-rrss\" href=\"https:\/\/www.elmundo.es\/deportes\/tenis\/copa-davis\/f01-01-f02-02\/2025\/11\/23\/04_0416_20251123_136-directo.html\"><span class=\"hidden-content\">Compartir en X<\/span><\/a><\/div>\n<\/div>\n<\/article>\n<article class=\"ue-c-streamlive-comment\" id=\"19\">\n<div class=\"ue-c-streamlive-comment__inner\">\n<div class=\"ue-c-streamlive-comment__body\">\n<p class=\"ue-c-article__paragraph\">La &#8216;Armada&#8217; ha derrotado a Italia en las tres \u00faltimas series disputadas, aunque no se ven las caras desde 2006 cuando el combinado espa\u00f1ol se impuso por 4-1 en Real Sociedad de Tenis la Magdalena.<\/p>\n<\/div>\n<div class=\"ue-c-streamlive-comment__footer\"><a class=\"ue-c-streamlive-comment__icon-rrss\" href=\"https:\/\/www.elmundo.es\/deportes\/tenis\/copa-davis\/f01-01-f02-02\/2025\/11\/23\/04_0416_20251123_136-directo.html\"><span class=\"hidden-content\">Compartir en X<\/span><\/a><\/div>\n<\/div>\n<\/article>\n<article class=\"ue-c-streamlive-comment\" id=\"18\">\n<div class=\"ue-c-streamlive-comment__inner\">\n<div class=\"ue-c-streamlive-comment__body\">\n<p class=\"ue-c-article__paragraph\">14 DUELOS ENTRE ESPA\u00d1A E ITALIA. Esta ser\u00e1 la 14\u00aa ocasi\u00f3n que Espa\u00f1a e Italia se enfrentan en Copa Davis y de momento el balance es favorable al conjunto espa\u00f1ol, con siete victorias y seis derrotas. Es la primera vez que se miden en la final absoluta del torneo.<\/p>\n<\/div>\n<div class=\"ue-c-streamlive-comment__footer\"><a class=\"ue-c-streamlive-comment__icon-rrss\" href=\"https:\/\/www.elmundo.es\/deportes\/tenis\/copa-davis\/f01-01-f02-02\/2025\/11\/23\/04_0416_20251123_136-directo.html\"><span class=\"hidden-content\">Compartir en X<\/span><\/a><\/div>\n<\/div>\n<\/article>\n<article class=\"ue-c-streamlive-comment\" id=\"17\">\n<div class=\"ue-c-streamlive-comment__inner\">\n<div class=\"ue-c-streamlive-comment__body\">\n<p class=\"ue-c-article__paragraph\">El tenista romano ha disputado 13 partidos hasta el momento en la Copa Davis y cuenta con un extraordinario balance de 11 victorias y solo dos derrotas.<\/p>\n<\/div>\n<div class=\"ue-c-streamlive-comment__footer\"><a class=\"ue-c-streamlive-comment__icon-rrss\" href=\"https:\/\/www.elmundo.es\/deportes\/tenis\/copa-davis\/f01-01-f02-02\/2025\/11\/23\/04_0416_20251123_136-directo.html\"><span class=\"hidden-content\">Compartir en X<\/span><\/a><\/div>\n<\/div>\n<\/article>\n<article class=\"ue-c-streamlive-comment\" id=\"16\">\n<div class=\"ue-c-streamlive-comment__inner\">\n<div class=\"ue-c-streamlive-comment__body\">\n<p class=\"ue-c-article__paragraph\">Matteo Berrettini ocupa el 56\u00ba puesto del ranking ATP. Ha conquistado 10 t\u00edtulos ATP a lo largo de su trayectoria, aunque este a\u00f1o no ha conseguido ninguno en una campa\u00f1a bastante irregular.<\/p>\n<\/div>\n<div class=\"ue-c-streamlive-comment__footer\"><a class=\"ue-c-streamlive-comment__icon-rrss\" href=\"https:\/\/www.elmundo.es\/deportes\/tenis\/copa-davis\/f01-01-f02-02\/2025\/11\/23\/04_0416_20251123_136-directo.html\"><span class=\"hidden-content\">Compartir en X<\/span><\/a><\/div>\n<\/div>\n<\/article>\n<article class=\"ue-c-streamlive-comment\" id=\"15\">\n<div class=\"ue-c-streamlive-comment__inner\">\n<div class=\"ue-c-streamlive-comment__body\">\n<p class=\"ue-c-article__paragraph\">Pablo Carre\u00f1o y Matteo Berrettini se han enfrentado en dos ocasiones en el circuito, con una victoria para cada uno de ellos, ambas en 2022.<\/p>\n<\/div>\n<div class=\"ue-c-streamlive-comment__footer\"><a class=\"ue-c-streamlive-comment__icon-rrss\" href=\"https:\/\/www.elmundo.es\/deportes\/tenis\/copa-davis\/f01-01-f02-02\/2025\/11\/23\/04_0416_20251123_136-directo.html\"><span class=\"hidden-content\">Compartir en X<\/span><\/a><\/div>\n<\/div>\n<\/article>\n<article class=\"ue-c-streamlive-comment\" id=\"14\">\n<div class=\"ue-c-streamlive-comment__inner\">\n<div class=\"ue-c-streamlive-comment__body\">\n<p class=\"ue-c-article__paragraph\">El tenista asturiano disputa hoy su 15\u00ba partido de individuales en la Copa Davis, con un balance de seis victorias y ocho derrotas.<\/p>\n<\/div>\n<div class=\"ue-c-streamlive-comment__footer\"><a class=\"ue-c-streamlive-comment__icon-rrss\" href=\"https:\/\/www.elmundo.es\/deportes\/tenis\/copa-davis\/f01-01-f02-02\/2025\/11\/23\/04_0416_20251123_136-directo.html\"><span class=\"hidden-content\">Compartir en X<\/span><\/a><\/div>\n<\/div>\n<\/article>\n<article class=\"ue-c-streamlive-comment\" id=\"13\">\n<div class=\"ue-c-streamlive-comment__inner\">\n<div class=\"ue-c-streamlive-comment__body\">\n<p class=\"ue-c-article__paragraph\">Como coment\u00e1bamos, Pablo Carre\u00f1o ser\u00e1 el encargado de abrir la serie. Milita actualmente en el 89\u00ba puesto del ranking ATP y est\u00e1 volviendo a encontrar su mejor nivel despu\u00e9s de un largo periodo marcado por lesiones y reca\u00eddas.<\/p>\n<\/div>\n<div class=\"ue-c-streamlive-comment__footer\"><a class=\"ue-c-streamlive-comment__icon-rrss\" href=\"https:\/\/www.elmundo.es\/deportes\/tenis\/copa-davis\/f01-01-f02-02\/2025\/11\/23\/04_0416_20251123_136-directo.html\"><span class=\"hidden-content\">Compartir en X<\/span><\/a><\/div>\n<\/div>\n<\/article>\n<article class=\"ue-c-streamlive-comment\" id=\"12\">\n<div class=\"ue-c-streamlive-comment__inner\">\n<div class=\"ue-c-streamlive-comment__body\">\n<p class=\"ue-c-article__paragraph\">La selecci\u00f3n italiana podr\u00eda lograr la cuarta Copa Davis de su historia y esta ser\u00e1 su 10\u00ba final, la tercera que consigue de forma consecutiva.<\/p>\n<\/div>\n<div class=\"ue-c-streamlive-comment__footer\"><a class=\"ue-c-streamlive-comment__icon-rrss\" href=\"https:\/\/www.elmundo.es\/deportes\/tenis\/copa-davis\/f01-01-f02-02\/2025\/11\/23\/04_0416_20251123_136-directo.html\"><span class=\"hidden-content\">Compartir en X<\/span><\/a><\/div>\n<\/div>\n<\/article>\n<article class=\"ue-c-streamlive-comment\" id=\"11\">\n<div class=\"ue-c-streamlive-comment__inner\">\n<div class=\"ue-c-streamlive-comment__body\">\n<p class=\"ue-c-article__paragraph\">ITALIA BUSCA LA TERCERA CONSECUTIVA. El combinado transalpino conseguido los dos \u00faltimos t\u00edtulos de Copa Davis (2022 y 2023) y podr\u00eda ser la primera naci\u00f3n que conquista tres seguidos desde los cinco de Estados Unidos entre 1968 y 1972.<\/p>\n<\/div>\n<div class=\"ue-c-streamlive-comment__footer\"><a class=\"ue-c-streamlive-comment__icon-rrss\" href=\"https:\/\/www.elmundo.es\/deportes\/tenis\/copa-davis\/f01-01-f02-02\/2025\/11\/23\/04_0416_20251123_136-directo.html\"><span class=\"hidden-content\">Compartir en X<\/span><\/a><\/div>\n<\/div>\n<\/article>\n<article class=\"ue-c-streamlive-comment\" id=\"10\">\n<div class=\"ue-c-streamlive-comment__inner\">\n<div class=\"ue-c-streamlive-comment__body\">\n<p class=\"ue-c-article__paragraph\">ITALIA, LA SELECCI\u00d3N DEL MOMENTO. A pesar de contar con las bajas para esta cita de Jannik Sinner y de Lorenzo Musetti, el potencial del conjunto italiano es tremendo, no en vano se han plantado en esta final derrotando por la v\u00eda r\u00e1pida a Austria y B\u00e9lgica.<\/p>\n<\/div>\n<div class=\"ue-c-streamlive-comment__footer\"><a class=\"ue-c-streamlive-comment__icon-rrss\" href=\"https:\/\/www.elmundo.es\/deportes\/tenis\/copa-davis\/f01-01-f02-02\/2025\/11\/23\/04_0416_20251123_136-directo.html\"><span class=\"hidden-content\">Compartir en X<\/span><\/a><\/div>\n<\/div>\n<\/article>\n<article class=\"ue-c-streamlive-comment\" id=\"9\">\n<div class=\"ue-c-streamlive-comment__inner\">\n<div class=\"ue-c-streamlive-comment__body\">\n<p class=\"ue-c-article__paragraph\">11\u00aa FINAL DE LA &#8216;ARMADA&#8217;. Est\u00e1 ser\u00e1 la 11\u00aa final que disputa Espa\u00f1a en la Copa Davis, logrando el t\u00edtulo en seis de las 10 disputadas hasta el momento. Las primeras fueron en 1965 y 1967, perdiendo en ambas contra Australia y posteriormente ha sido capaz de ganar en seis de las ocho siguientes, la \u00faltima, como comentamos anteriormente, en 2019 frente a Canad\u00e1.<\/p>\n<\/div>\n<div class=\"ue-c-streamlive-comment__footer\"><a class=\"ue-c-streamlive-comment__icon-rrss\" href=\"https:\/\/www.elmundo.es\/deportes\/tenis\/copa-davis\/f01-01-f02-02\/2025\/11\/23\/04_0416_20251123_136-directo.html\"><span class=\"hidden-content\">Compartir en X<\/span><\/a><\/div>\n<\/div>\n<\/article>\n<article class=\"ue-c-streamlive-comment\" id=\"8\">\n<div class=\"ue-c-streamlive-comment__inner\">\n<div class=\"ue-c-streamlive-comment__body\">\n<p class=\"ue-c-article__paragraph\">ESPA\u00d1A A UN PASO DE ENTRAR EN EL &#8216;TOP 5&#8217;. Como dec\u00edamos, Espa\u00f1a podr\u00eda lograr la s\u00e9ptima Ensaladera de su historia. De lograrlo, igualar\u00eda a Suecia como 5\u00ba pa\u00eds con m\u00e1s t\u00edtulos, solo superados por Estados Unidos (32), Australia (28), Francia y Gran Breta\u00f1a (10).<\/p>\n<\/div>\n<div class=\"ue-c-streamlive-comment__footer\"><a class=\"ue-c-streamlive-comment__icon-rrss\" href=\"https:\/\/www.elmundo.es\/deportes\/tenis\/copa-davis\/f01-01-f02-02\/2025\/11\/23\/04_0416_20251123_136-directo.html\"><span class=\"hidden-content\">Compartir en X<\/span><\/a><\/div>\n<\/div>\n<\/article>\n<article class=\"ue-c-streamlive-comment\" id=\"7\">\n<div class=\"ue-c-streamlive-comment__inner\">\n<div class=\"ue-c-streamlive-comment__body\">\n<p class=\"ue-c-article__paragraph\">A POR LA S\u00c9PTIMA !!! Espa\u00f1a aspira a conseguir su s\u00e9ptimo t\u00edtulo de Copa Davis, el primero desde 2019. Los seis entorchados anteriores los ha conseguido desde el a\u00f1o 2000, por lo que la &#8216;Armada&#8217; es la selecci\u00f3n m\u00e1s laureada en el Siglo XXI.<\/p>\n<\/div>\n<div class=\"ue-c-streamlive-comment__footer\"><a class=\"ue-c-streamlive-comment__icon-rrss\" href=\"https:\/\/www.elmundo.es\/deportes\/tenis\/copa-davis\/f01-01-f02-02\/2025\/11\/23\/04_0416_20251123_136-directo.html\"><span class=\"hidden-content\">Compartir en X<\/span><\/a><\/div>\n<\/div>\n<\/article>\n<article class=\"ue-c-streamlive-comment\" id=\"6\">\n<div class=\"ue-c-streamlive-comment__inner\">\n<div class=\"ue-c-streamlive-comment__body\">\n<p class=\"ue-c-article__paragraph\">La receta ha sido siempre la misma, humildad y trabajar como una pi\u00f1a con el objetivo de conseguir al menos un punto en los dos enfrentamientos de individuales y confiar en el potencial de una pareja de dobles &#8211; la formada por Marcel Granollers y Pedro Mart\u00ednez &#8211; que est\u00e1 ofreciendo un magn\u00edfico rendimiento.<\/p>\n<\/div>\n<div class=\"ue-c-streamlive-comment__footer\"><a class=\"ue-c-streamlive-comment__icon-rrss\" href=\"https:\/\/www.elmundo.es\/deportes\/tenis\/copa-davis\/f01-01-f02-02\/2025\/11\/23\/04_0416_20251123_136-directo.html\"><span class=\"hidden-content\">Compartir en X<\/span><\/a><\/div>\n<\/div>\n<\/article>\n<article class=\"ue-c-streamlive-comment\" id=\"5\">\n<div class=\"ue-c-streamlive-comment__inner\">\n<div class=\"ue-c-streamlive-comment__body\">\n<p class=\"ue-c-article__paragraph\">As\u00ed, y sin estar realmente en el ramillete de favoritos, ha vencido a selecciones m\u00e1s potentes en cuanto a n\u00famero de ranking de sus jugadores. Derrot\u00f3 en los cuartos de final a la Rep\u00fablica Checa y ayer en semifinales a Alemania.<\/p>\n<\/div>\n<div class=\"ue-c-streamlive-comment__footer\"><a class=\"ue-c-streamlive-comment__icon-rrss\" href=\"https:\/\/www.elmundo.es\/deportes\/tenis\/copa-davis\/f01-01-f02-02\/2025\/11\/23\/04_0416_20251123_136-directo.html\"><span class=\"hidden-content\">Compartir en X<\/span><\/a><\/div>\n<\/div>\n<\/article>\n<article class=\"ue-c-streamlive-comment\" id=\"4\">\n<div class=\"ue-c-streamlive-comment__inner\">\n<div class=\"ue-c-streamlive-comment__body\">\n<p class=\"ue-c-article__paragraph\">El equipo capitaneado por David Ferrer se ha plantado en esta final contra todo pron\u00f3stico, puesto que no ha podido contar en las \u00faltimas citas con sus mejores jugadores, caso especialmente de un Carlos Alcaraz que viaj\u00f3 a Bolonia para estar con sus compa\u00f1eros, pero que tuvo que decir adi\u00f3s a la competici\u00f3n por una lesi\u00f3n.<\/p>\n<\/div>\n<div class=\"ue-c-streamlive-comment__footer\"><a class=\"ue-c-streamlive-comment__icon-rrss\" href=\"https:\/\/www.elmundo.es\/deportes\/tenis\/copa-davis\/f01-01-f02-02\/2025\/11\/23\/04_0416_20251123_136-directo.html\"><span class=\"hidden-content\">Compartir en X<\/span><\/a><\/div>\n<\/div>\n<\/article>\n<article class=\"ue-c-streamlive-comment\" id=\"3\">\n<div class=\"ue-c-streamlive-comment__inner\">\n<div class=\"ue-c-streamlive-comment__body\">\n<p class=\"ue-c-article__paragraph\">Espa\u00f1a se cita con la historia y disputa su primera final en este torneo desde 2019, a\u00f1o precisamente en el que consigui\u00f3 levantar su \u00faltima &#8216;Ensaladera&#8217;.<\/p>\n<\/div>\n<div class=\"ue-c-streamlive-comment__footer\"><a class=\"ue-c-streamlive-comment__icon-rrss\" href=\"https:\/\/www.elmundo.es\/deportes\/tenis\/copa-davis\/f01-01-f02-02\/2025\/11\/23\/04_0416_20251123_136-directo.html\"><span class=\"hidden-content\">Compartir en X<\/span><\/a><\/div>\n<\/div>\n<\/article>\n<article class=\"ue-c-streamlive-comment\" id=\"2\">\n<div class=\"ue-c-streamlive-comment__inner\">\n<div class=\"ue-c-streamlive-comment__body\">\n<p class=\"ue-c-article__paragraph\">Ya se conoce el orden de enfrentamientos de esta ronda final y abren fuego Pablo Carre\u00f1o contra Matteo Berrettini. El segundo punto lo disputar\u00e1n Jaume Munar y Flavio Cobolli. Si hiciera falta, la pareja espa\u00f1ola compuesta por Marcel Granollers y Pedro Mart\u00ednez se medir\u00e1n a Simone Bolelli y Andrea Vavassori.<\/p>\n<\/div>\n<div class=\"ue-c-streamlive-comment__footer\"><a class=\"ue-c-streamlive-comment__icon-rrss\" href=\"https:\/\/www.elmundo.es\/deportes\/tenis\/copa-davis\/f01-01-f02-02\/2025\/11\/23\/04_0416_20251123_136-directo.html\"><span class=\"hidden-content\">Compartir en X<\/span><\/a><\/div>\n<\/div>\n<\/article>\n<article class=\"ue-c-streamlive-comment\" id=\"1\">\n<div class=\"ue-c-streamlive-comment__inner\">\n<div class=\"ue-c-streamlive-comment__body\">\n<p class=\"ue-c-article__paragraph\">Buenas tardes !!! Bienvenidos a la retransmisi\u00f3n en directo de la final de la Copa Davis entre Espa\u00f1a e Italia. \u00bfPreparados? Comenzamos&#8230;<\/p>\n<\/div>\n<div class=\"ue-c-streamlive-comment__footer\"><a class=\"ue-c-streamlive-comment__icon-rrss\" href=\"https:\/\/www.elmundo.es\/deportes\/tenis\/copa-davis\/f01-01-f02-02\/2025\/11\/23\/04_0416_20251123_136-directo.html\"><span class=\"hidden-content\">Compartir en X<\/span><\/a><\/div>\n<\/div>\n<\/article>\n<\/div>\n<\/div>\n<\/div>\n<\/div>\n<\/article>\n<p> Source URL: https:\/\/www.elmundo.es\/deportes\/tenis\/copa-davis\/f01-01-f02-02\/2025\/11\/23\/04_0416_20251123_136-directo.html<\/p>\n","protected":false},"excerpt":{"rendered":"<p>Berrettini Carre\u00f1o Final Copa Davis Matteo Berrettini &#8211; Pablo Carre\u00f1o, en directo: primer punto de la final de la Copa Davis El asturiano, tras su gran triunfo ante Struff, busca la sorpresa ante un rival al que ya venci\u00f3 hace tres a\u00f1os en Masters 1000 de Canad\u00e1. Facebook X &#8211; Twitter WhatsApp Telegram LinkedIn Copiar [&hellip;]<\/p>\n","protected":false},"author":1,"featured_media":728680,"comment_status":"open","ping_status":"","sticky":false,"template":"","format":"standard","meta":{"footnotes":""},"categories":[88],"tags":[91],"class_list":["post-728679","post","type-post","status-publish","format-standard","has-post-thumbnail","hentry","category-spain","tag-elmundo-es"],"_links":{"self":[{"href":"https:\/\/analyse.optim.biz\/index.php?rest_route=\/wp\/v2\/posts\/728679","targetHints":{"allow":["GET"]}}],"collection":[{"href":"https:\/\/analyse.optim.biz\/index.php?rest_route=\/wp\/v2\/posts"}],"about":[{"href":"https:\/\/analyse.optim.biz\/index.php?rest_route=\/wp\/v2\/types\/post"}],"author":[{"embeddable":true,"href":"https:\/\/analyse.optim.biz\/index.php?rest_route=\/wp\/v2\/users\/1"}],"replies":[{"embeddable":true,"href":"https:\/\/analyse.optim.biz\/index.php?rest_route=%2Fwp%2Fv2%2Fcomments&post=728679"}],"version-history":[{"count":0,"href":"https:\/\/analyse.optim.biz\/index.php?rest_route=\/wp\/v2\/posts\/728679\/revisions"}],"wp:featuredmedia":[{"embeddable":true,"href":"https:\/\/analyse.optim.biz\/index.php?rest_route=\/wp\/v2\/media\/728680"}],"wp:attachment":[{"href":"https:\/\/analyse.optim.biz\/index.php?rest_route=%2Fwp%2Fv2%2Fmedia&parent=728679"}],"wp:term":[{"taxonomy":"category","embeddable":true,"href":"https:\/\/analyse.optim.biz\/index.php?rest_route=%2Fwp%2Fv2%2Fcategories&post=728679"},{"taxonomy":"post_tag","embeddable":true,"href":"https:\/\/analyse.optim.biz\/index.php?rest_route=%2Fwp%2Fv2%2Ftags&post=728679"}],"curies":[{"name":"wp","href":"https:\/\/api.w.org\/{rel}","templated":true}]}}