{"id":438096,"date":"2014-03-04T23:43:50","date_gmt":"2014-03-04T20:43:50","guid":{"rendered":"https:\/\/analyse.optim.biz\/?p=438096"},"modified":"2014-03-04T23:43:50","modified_gmt":"2014-03-04T20:43:50","slug":"ponta-nu-exclude-varianta-ca-tariceanu-sa-fie-propus-presedintele-senatului","status":"publish","type":"post","link":"https:\/\/analyse.optim.biz\/?p=438096","title":{"rendered":"Ponta nu exclude varianta ca T\u0102RICEANU s\u0103 fie propus pre\u0219edintele Senatului"},"content":{"rendered":"<\/p>\n<h2>\n\t\t\t\t\t\t\t\t\t\t\t Premierul Victor Ponta nu a exclus, mar\u021bi sear\u0103, ca fostul prim-ministru C\u0103lin Popescu-T\u0103riceanu s\u0103 fie propus pre\u0219edinte al Senatului.<br \/>\n\t\t\t\t\t\t\t\t\t\t<\/h2>\n<div class=\"realitatea-article-content-box\">\n<p>&#8220;Luni vom propune un senator care a candidat pe listele USL (pentru \u0219efia Senatului \u2014 n.r.) pentru c\u0103 a\u0219a au votat oamenii. Care este acel senator nu \u0219tiu s\u0103 v\u0103 spun acum&#8221;, a comentat premierul, \u00eentr-o interven\u021bie telefonic\u0103 la un post TV.<\/p>\n<p>\u00centrebat dac\u0103 varianta T\u0103riceanu pentru pre\u0219edin\u021bia Senatului este exclus\u0103, Ponta a replicat: &#8220;Nu, nu este exclus\u0103. To\u021bi cei care au candidat pe lista USL din punctul meu de vedere pot ocupa func\u021bia de pre\u0219edinte al Senatului dac\u0103 domnul Antonescu \u00ee\u0219i va da demisia, c\u0103 deocamdat\u0103 nu \u0219i-a dat-o \u00een mod formal&#8221;.<\/p>\n<\/div>\n<p>Source URL: https:\/\/www.realitatea.net\/stiri\/politica\/ponta-nu-exclude-varianta-ca-tariceanu-sa-fie-propus-pre-edintele-senatului_5dcc91bb406af85273cb73e8<\/p>\n","protected":false},"excerpt":{"rendered":"<p>Premierul Victor Ponta nu a exclus, mar\u021bi sear\u0103, ca fostul prim-ministru C\u0103lin Popescu-T\u0103riceanu s\u0103 fie propus pre\u0219edinte al Senatului. &#8220;Luni vom propune un senator care a candidat pe listele USL (pentru \u0219efia Senatului \u2014 n.r.) pentru c\u0103 a\u0219a au votat oamenii. Care este acel senator nu \u0219tiu s\u0103 v\u0103 spun acum&#8221;, a comentat premierul, \u00eentr-o [&hellip;]<\/p>\n","protected":false},"author":1,"featured_media":438097,"comment_status":"open","ping_status":"","sticky":false,"template":"","format":"standard","meta":{"footnotes":""},"categories":[2],"tags":[15],"class_list":["post-438096","post","type-post","status-publish","format-standard","has-post-thumbnail","hentry","category-politics","tag-realitatea-net"],"_links":{"self":[{"href":"https:\/\/analyse.optim.biz\/index.php?rest_route=\/wp\/v2\/posts\/438096","targetHints":{"allow":["GET"]}}],"collection":[{"href":"https:\/\/analyse.optim.biz\/index.php?rest_route=\/wp\/v2\/posts"}],"about":[{"href":"https:\/\/analyse.optim.biz\/index.php?rest_route=\/wp\/v2\/types\/post"}],"author":[{"embeddable":true,"href":"https:\/\/analyse.optim.biz\/index.php?rest_route=\/wp\/v2\/users\/1"}],"replies":[{"embeddable":true,"href":"https:\/\/analyse.optim.biz\/index.php?rest_route=%2Fwp%2Fv2%2Fcomments&post=438096"}],"version-history":[{"count":0,"href":"https:\/\/analyse.optim.biz\/index.php?rest_route=\/wp\/v2\/posts\/438096\/revisions"}],"wp:featuredmedia":[{"embeddable":true,"href":"https:\/\/analyse.optim.biz\/index.php?rest_route=\/wp\/v2\/media\/438097"}],"wp:attachment":[{"href":"https:\/\/analyse.optim.biz\/index.php?rest_route=%2Fwp%2Fv2%2Fmedia&parent=438096"}],"wp:term":[{"taxonomy":"category","embeddable":true,"href":"https:\/\/analyse.optim.biz\/index.php?rest_route=%2Fwp%2Fv2%2Fcategories&post=438096"},{"taxonomy":"post_tag","embeddable":true,"href":"https:\/\/analyse.optim.biz\/index.php?rest_route=%2Fwp%2Fv2%2Ftags&post=438096"}],"curies":[{"name":"wp","href":"https:\/\/api.w.org\/{rel}","templated":true}]}}