{"id":432360,"date":"2019-01-25T17:01:19","date_gmt":"2019-01-25T14:01:19","guid":{"rendered":"https:\/\/analyse.optim.biz\/?p=432360"},"modified":"2019-01-25T17:01:19","modified_gmt":"2019-01-25T14:01:19","slug":"seful-udmr-atac-frontal-la-guvernul-psd-alde-este-un-haos","status":"publish","type":"post","link":"https:\/\/analyse.optim.biz\/?p=432360","title":{"rendered":"\u0218eful UDMR, atac frontal la Guvernul PSD-ALDE: &#8220;Este un haos&#8221;"},"content":{"rendered":"<\/p>\n<h2>\n\t\t\t\t\t\t\t\t\t\t\t Pre\u015fedintele UDMR, Kelemen Hunor, consider\u0103 o mare iresponsabilitate faptul c\u0103 Guvernul nu a venit cu un proiect de buget cel mai t\u00e2rziu \u00een decembrie 2018, men\u0163ion\u00e2nd c\u0103 acest lucru \u00eenseamn\u0103 haos pentru c\u0103 administra\u0163iile publice, iar firmele nu \u00ee\u015fi pot face niciun plan.<br \/>\n\t\t\t\t\t\t\t\t\t\t<\/h2>\n<div class=\"realitatea-article-content-box\">\n<p>Kelemen Hunor a declarat, vineri, la CRU al UDMR de la T\u00e2rgu Mure\u015f, c\u0103 p\u00e2n\u0103 \u00een aprilie \u0163ara va func\u0163iona f\u0103r\u0103 buget, ceea ce este inacceptabil.<\/p>\n<p>\u201eConsider o mare iresponsabilitate faptul c\u0103 Guvernul nu a venit cu un proiect de buget cel mai t\u00e2rziu \u00een decembrie 2018. <strong>Este un mesaj foarte foarte prost \u015fi am sperat c\u0103 \u00een ianuarie vom avea o sesiune extraordinar\u0103<\/strong>. Nu este un proiect de buget elaborat, nu \u015ftiu ce motive ar putea s\u0103 fie \u015fi, \u00eentre timp, <strong>este un haos pentru c\u0103 administra\u0163iile publice nu pot s\u0103 \u00ee\u015fi fac\u0103 niciun fel de plan<\/strong>, \u00eentreprinderile, \u00eentreprinz\u0103torii, nimeni \u00een aceast\u0103 \u0163ar\u0103 nu poate s\u0103 \u00ee\u015fi fac\u0103 planuri f\u0103r\u0103 buget, \u015fi func\u0163ioneaz\u0103 \u00een stand by&#8221;, a spus Kelemen.<\/p>\n<div class=\"d-flex justify-content-center w-100 flex-row mt-5 mb-5 advert-970-250-m-300-250\">\n                                <!-- \/32628511\/Realitatea.netV2_articol\/300x250_ia_3 &amp; \/32628511\/Realitatea.netV2_articol_mobile\/300x600\/\/300x250_1 --><\/p>\n<div id=\"div-gpt-ad-1625071071304-0\"><\/div>\n<div id=\"div-gpt-ad-1625070521521-0\"><\/div>\n<\/p><\/div>\n<p>Potrivit acestuia, dac\u0103 \u00een Parlament va fi buget numai \u00een februarie, un proiect viabil se va contura la sf\u00e2r\u015fitul lui martie sau \u00eenceputul lui aprilie.<\/p>\n<div id=\"in-article-teads\"><\/div>\n<p>\u201eAcesta este intervalul \u00een care \u0163ara va func\u0163iona f\u0103r\u0103 buget, nu este bine, este r\u0103u, este inacceptabil&#8221;, a mai spus Kelemen.<\/p>\n<div class=\"d-flex justify-content-center w-100 flex-row mt-5 mb-5 advert-970-250-m-300-250\">\n                                <!-- \/32628511\/Realitatea.netV2_articol\/300x250_ia_4 &amp; \/32628511\/Realitatea.netV2_articol_mobile\/300x600\/\/300x250_2 --><\/p>\n<div id=\"div-gpt-ad-1625071089075-0\"><\/div>\n<div id=\"div-gpt-ad-1625070536172-0\"><\/div>\n<\/p><\/div>\n<p>Liderul UDMR a afirmat c\u0103 proiectul de buget ar fi putut fi preg\u0103tit, dezb\u0103tut din timp, \u00een 2018, lucru care nu s-a \u00eent\u00e2mplat.<\/p>\n<h3><span>Kelemen: Decizia de adoptare a OUG privind fiscalitatea a fost proast\u0103, UDMR va propune modific\u0103ri<\/span><\/h3>\n<p>Pre\u015fedintele UDMR, Kelemen Hunor, consider\u0103 c\u0103 decizia de adoptare a OUG privind fiscalitatea a fost proast\u0103 \u015fi a anun\u0163at c\u0103 forma\u0163iunea politic\u0103 pe care o conduce va propune modificarea acestui act normativ, transmite corespondentul MEDIAFAX.<\/p>\n<p>Kelemen Hunor a declarat, vineri, la CRU al UDMR de la T\u00e2rgu Mure\u015f, c\u0103 este nevoie de o jum\u0103tate de an pentru ca societatea s\u0103 se poat\u0103 preg\u0103ti, de la administra\u0163iile publice, la IMM-uri, p\u00e2n\u0103 la marile firme multina\u0163ionale, pentru noile reguli ale jocului.<\/p>\n<p>&#8220;S-a luat o alt\u0103 decizie proast\u0103, pentru care critic\u0103m Guvernul. \u00cen ultimele zile din decembrie s-a adoptat o OUG prin care politica fiscal\u0103 este schimbat\u0103, se schimb\u0103 o mul\u0163ime de lucruri \u00eentr-un domeniu c\u0103ruia nu \u00eei plac mi\u015fc\u0103rile bru\u015fte. Este nevoie de o jum\u0103tate de an pentru ca societatea s\u0103 se poat\u0103 preg\u0103ti, de la administra\u0163iile publice, la IMM-uri, p\u00e2n\u0103 la marile firme multina\u0163ionale, pentru noile reguli ale jocului. \u00cen acest moment, aceast\u0103 OUG nici nu poate fi aplicat\u0103 \u015fi m\u0103 \u00eentreb cum va decurge dezbaterea parlamentar\u0103, nu va fi o plimbare de pl\u0103cere pentru c\u0103 prin aceasta haosul doar cre\u015fte. Situa\u0163ia trebuie \u00eembun\u0103t\u0103\u0163it\u0103 \u015fi s\u0103 vedem dac\u0103 este nevoie de corec\u0163ii. (&#8230;) Am criticat \u015fi critic\u0103m \u00een continuare acest Guvern \u015fi aceast\u0103 coali\u0163ie guvernamental\u0103, vom \u00eenainta propuneri de modificare \u015fi \u00een cazul ordonan\u0163ei privind fiscalitatea&#8221;, a spus Kelemen.<\/p>\n<div class=\"d-flex justify-content-center w-100 flex-row mt-5 mb-5 advert-970-250-m-300-250\">\n                                <!-- \/32628511\/Realitatea.netV2_articol\/300x250_ia_5 &amp; \/32628511\/Realitatea.netV2_articol_mobile\/300x600\/\/300x250_3 --><\/p>\n<div id=\"div-gpt-ad-1625071108131-0\"><\/div>\n<div id=\"div-gpt-ad-1625070551720-0\"><\/div>\n<\/p><\/div>\n<p>Liderul UDMR a subliniat c\u0103 dac\u0103 este nevoie de o politic\u0103 fiscal\u0103 nou\u0103, aceasta trebuie preg\u0103tit\u0103 la \u00eenceputul anului 2019 ca s\u0103 intre \u00een vigoare din 2020.<\/p>\n<\/div>\n<p>Source URL: https:\/\/www.realitatea.net\/stiri\/actual\/eful-udmr-atac-frontal-la-guvernul-psd-alde-este-un-haos_5dcc9274406af85273d771d1<\/p>\n","protected":false},"excerpt":{"rendered":"<p>Pre\u015fedintele UDMR, Kelemen Hunor, consider\u0103 o mare iresponsabilitate faptul c\u0103 Guvernul nu a venit cu un proiect de buget cel mai t\u00e2rziu \u00een decembrie 2018, men\u0163ion\u00e2nd c\u0103 acest lucru \u00eenseamn\u0103 haos pentru c\u0103 administra\u0163iile publice, iar firmele nu \u00ee\u015fi pot face niciun plan. Kelemen Hunor a declarat, vineri, la CRU al UDMR de la T\u00e2rgu [&hellip;]<\/p>\n","protected":false},"author":1,"featured_media":432361,"comment_status":"open","ping_status":"","sticky":false,"template":"","format":"standard","meta":{"footnotes":""},"categories":[2],"tags":[15],"class_list":["post-432360","post","type-post","status-publish","format-standard","has-post-thumbnail","hentry","category-politics","tag-realitatea-net"],"_links":{"self":[{"href":"https:\/\/analyse.optim.biz\/index.php?rest_route=\/wp\/v2\/posts\/432360","targetHints":{"allow":["GET"]}}],"collection":[{"href":"https:\/\/analyse.optim.biz\/index.php?rest_route=\/wp\/v2\/posts"}],"about":[{"href":"https:\/\/analyse.optim.biz\/index.php?rest_route=\/wp\/v2\/types\/post"}],"author":[{"embeddable":true,"href":"https:\/\/analyse.optim.biz\/index.php?rest_route=\/wp\/v2\/users\/1"}],"replies":[{"embeddable":true,"href":"https:\/\/analyse.optim.biz\/index.php?rest_route=%2Fwp%2Fv2%2Fcomments&post=432360"}],"version-history":[{"count":0,"href":"https:\/\/analyse.optim.biz\/index.php?rest_route=\/wp\/v2\/posts\/432360\/revisions"}],"wp:featuredmedia":[{"embeddable":true,"href":"https:\/\/analyse.optim.biz\/index.php?rest_route=\/wp\/v2\/media\/432361"}],"wp:attachment":[{"href":"https:\/\/analyse.optim.biz\/index.php?rest_route=%2Fwp%2Fv2%2Fmedia&parent=432360"}],"wp:term":[{"taxonomy":"category","embeddable":true,"href":"https:\/\/analyse.optim.biz\/index.php?rest_route=%2Fwp%2Fv2%2Fcategories&post=432360"},{"taxonomy":"post_tag","embeddable":true,"href":"https:\/\/analyse.optim.biz\/index.php?rest_route=%2Fwp%2Fv2%2Ftags&post=432360"}],"curies":[{"name":"wp","href":"https:\/\/api.w.org\/{rel}","templated":true}]}}