{"id":430319,"date":"2019-09-02T16:56:51","date_gmt":"2019-09-02T13:56:51","guid":{"rendered":"https:\/\/analyse.optim.biz\/?p=430319"},"modified":"2019-09-02T16:56:51","modified_gmt":"2019-09-02T13:56:51","slug":"melescanu-dupa-propunerea-psd-de-a-fi-presedintele-senatului-e-nevoie-de-un-om-echilibrat","status":"publish","type":"post","link":"https:\/\/analyse.optim.biz\/?p=430319","title":{"rendered":"Mele\u0219canu, dup\u0103 propunerea PSD de a fi pre\u0219edintele Senatului: &#8220;E nevoie de un om echilibrat&#8221;"},"content":{"rendered":"<\/p>\n<h2>\n\t\t\t\t\t\t\t\t\t\t\t Senatorul ALDE Teodor Mele\u015fcanu, sus\u0163inut de PSD pentru func\u0163ia de pre\u015fedinte al Senatului, a comentat aceast\u0103 mutare de ultim\u0103 or\u0103.<br \/>\n\t\t\t\t\t\t\t\t\t\t<\/h2>\n<div class=\"realitatea-article-content-box\">\n<p>PSD \u00eel propune pe Teodor Mele\u0219canu la \u0219efia Senatului, dup\u0103 demisia lui C\u0103lin Popescu T\u0103riceanu. Fostul ministru de Externe ar putea prelua locul l\u0103sat liber de T\u0103riceanu.<\/p>\n<p>Teodor Mele\u0219canu a explicat: <em>&#8220;A fost o idee, am avut o discutie acum cateva zile si azi de dimineata. Dansa are in vedere sa faca o propunere in acest sens si am inteles ca acum, in cadrul grupului senatorial PSD, s-a adoptat decizia de a-mi sustine candidatura&#8221;.<\/em><\/p>\n<h2>Cite\u0219te \u0219i: <a href=\"https:\/\/www.realitatea.net\/-erban-valeca-prima-replica-pentru-klaus-iohannis--reactie-despre-interimatul-la-senat_2217158.html\" target=\"_blank\" rel=\"noopener\"><span><strong>EXCLUSIV REALITATEA.NET \u0218erban Valeca, prima replic\u0103 pentru Klaus Iohannis + reac\u021bie despre interimatul la Senat<\/strong><\/span><\/a><\/h2>\n<div class=\"d-flex justify-content-center w-100 flex-row mt-5 mb-5 advert-970-250-m-300-250\">\n                                <!-- \/32628511\/Realitatea.netV2_articol\/300x250_ia_3 &amp; \/32628511\/Realitatea.netV2_articol_mobile\/300x600\/\/300x250_1 --><\/p>\n<div id=\"div-gpt-ad-1625071071304-0\"><\/div>\n<div id=\"div-gpt-ad-1625070521521-0\"><\/div>\n<\/p><\/div>\n<p>Apoi a continuat:<em> &#8220;Merg acum la colegii mei de la Senat si voi discuta si cu dansii. Vom vedea mai multe cand se va intampla acest lucru&#8221;<\/em>.<\/p>\n<div id=\"in-article-teads\"><\/div>\n<p><em>&#8220;La conducerea Senatului este nevoie de un om cu experienta, echilibrat, pentru ca in aceasta perioada Parlamentul va juca un rol-cheie in politica romaneasca. Nu mi s-a cerut sa plec de la ALDE&#8221;<\/em>, a mai spus Teodor Mele\u0219canu.<\/p>\n<\/div>\n<p>Source URL: https:\/\/www.realitatea.net\/stiri\/actual\/teodor-melescanu-prima-reactie-presedintele-senatului_5dcc9281406af85273d80872<\/p>\n","protected":false},"excerpt":{"rendered":"<p>Senatorul ALDE Teodor Mele\u015fcanu, sus\u0163inut de PSD pentru func\u0163ia de pre\u015fedinte al Senatului, a comentat aceast\u0103 mutare de ultim\u0103 or\u0103. PSD \u00eel propune pe Teodor Mele\u0219canu la \u0219efia Senatului, dup\u0103 demisia lui C\u0103lin Popescu T\u0103riceanu. Fostul ministru de Externe ar putea prelua locul l\u0103sat liber de T\u0103riceanu. Teodor Mele\u0219canu a explicat: &#8220;A fost o idee, [&hellip;]<\/p>\n","protected":false},"author":1,"featured_media":430320,"comment_status":"open","ping_status":"","sticky":false,"template":"","format":"standard","meta":{"footnotes":""},"categories":[2],"tags":[15],"class_list":["post-430319","post","type-post","status-publish","format-standard","has-post-thumbnail","hentry","category-politics","tag-realitatea-net"],"_links":{"self":[{"href":"https:\/\/analyse.optim.biz\/index.php?rest_route=\/wp\/v2\/posts\/430319","targetHints":{"allow":["GET"]}}],"collection":[{"href":"https:\/\/analyse.optim.biz\/index.php?rest_route=\/wp\/v2\/posts"}],"about":[{"href":"https:\/\/analyse.optim.biz\/index.php?rest_route=\/wp\/v2\/types\/post"}],"author":[{"embeddable":true,"href":"https:\/\/analyse.optim.biz\/index.php?rest_route=\/wp\/v2\/users\/1"}],"replies":[{"embeddable":true,"href":"https:\/\/analyse.optim.biz\/index.php?rest_route=%2Fwp%2Fv2%2Fcomments&post=430319"}],"version-history":[{"count":0,"href":"https:\/\/analyse.optim.biz\/index.php?rest_route=\/wp\/v2\/posts\/430319\/revisions"}],"wp:featuredmedia":[{"embeddable":true,"href":"https:\/\/analyse.optim.biz\/index.php?rest_route=\/wp\/v2\/media\/430320"}],"wp:attachment":[{"href":"https:\/\/analyse.optim.biz\/index.php?rest_route=%2Fwp%2Fv2%2Fmedia&parent=430319"}],"wp:term":[{"taxonomy":"category","embeddable":true,"href":"https:\/\/analyse.optim.biz\/index.php?rest_route=%2Fwp%2Fv2%2Fcategories&post=430319"},{"taxonomy":"post_tag","embeddable":true,"href":"https:\/\/analyse.optim.biz\/index.php?rest_route=%2Fwp%2Fv2%2Ftags&post=430319"}],"curies":[{"name":"wp","href":"https:\/\/api.w.org\/{rel}","templated":true}]}}