{"id":430157,"date":"2019-09-04T19:41:48","date_gmt":"2019-09-04T16:41:48","guid":{"rendered":"https:\/\/analyse.optim.biz\/?p=430157"},"modified":"2019-09-04T19:41:48","modified_gmt":"2019-09-04T16:41:48","slug":"soarta-lui-florian-bodog-psd-va-fi-transata-in-campania-electorala","status":"publish","type":"post","link":"https:\/\/analyse.optim.biz\/?p=430157","title":{"rendered":"Soarta lui Florian Bodog (PSD) va fi tran\u0219at\u0103 \u00een campania electoral\u0103"},"content":{"rendered":"<\/p>\n<h2>\n\t\t\t\t\t\t\t\t\t\t\t Biroul Permanent al Senatului a fixat termen pe 16 septembrie pentru senatorii juri\u0219ti s\u0103 emit\u0103 un raport privind cererea DNA de urm\u0103rire penal\u0103 a senatorului PSD Florian Bodog.\u00a0Pentru a putea fi anchetat, ridicarea imunit\u0103\u021bii trebuie s\u0103 aib\u0103 loc \u0219i \u00een plenul Senatului, \u00een care social-democra\u021bii nu mai au majoritate.\u00a0Fostul ministru al S\u0103n\u0103t\u0103\u021bii \u00een guvernele Grindeanu \u0219i Tudose este acuzat de angaj\u0103ri fictive la propriul cabinet ministerial.<br \/>\n\t\t\t\t\t\t\t\t\t\t<\/h2>\n<div class=\"realitatea-article-content-box\">\n<p>Fostul ministru al S\u0103n\u0103t\u0103\u021bii Florian Bodog este acuzat de DNA pentru abuz \u00een serviciu \u0219i fals intelectual \u00een perioada\u00a0ianuarie 2017 \u2013 ianuarie 2018.\u00a0<\/p>\n<p>La \u00eenceputul s\u0103pt\u0103m\u00e2nii,\u00a0<a href=\"https:\/\/senat.ro\/PDFOrdineDeZi\/e7b7cdf6-e84e-49bd-83ea-5a770fe3a0b0\/BP%20steno%202%20sept%202019.pdf\" target=\"_blank\" rel=\"noopener\">Biroul Permanent al Senatului<\/a>\u00a0a fixat termen pe 16 septembrie pentru senatorii juri\u0219ti s\u0103 emit\u0103 un punct de vedere \u00een acest caz. Potrivit legii, Senatul nu poate cere urm\u0103rirea penal\u0103 \u00een lipsa acestui raport al senatorilor juri\u0219ti.<\/p>\n<div class=\"d-flex justify-content-center w-100 flex-row mt-5 mb-5 advert-970-250-m-300-250\">\n                                <!-- \/32628511\/Realitatea.netV2_articol\/300x250_ia_3 &amp; \/32628511\/Realitatea.netV2_articol_mobile\/300x600\/\/300x250_1 --><\/p>\n<div id=\"div-gpt-ad-1625071071304-0\"><\/div>\n<div id=\"div-gpt-ad-1625070521521-0\"><\/div>\n<\/p><\/div>\n<p>Este obligatorie audierea senatorului social-democrat de c\u0103tre Comisia Juridic\u0103, pentru ca acesta s\u0103 poat\u0103 s\u0103 se apere. Astfel c\u0103 senatorul Florian Bodog poate aduce \u0219i un avocat la audieri, iar avocatul are dreptul s\u0103 consulte documentele trimise de procurori, \u00een baza c\u0103rora procuratura cere urm\u0103rirea penal\u0103.<\/p>\n<div id=\"in-article-teads\"><\/div>\n<p>Hot\u0103r\u00e2rea final\u0103 prin care plenul Senatului cere sau nu cere urm\u0103rirea penal\u0103 a unui senator se adopt\u0103 cu votul majorit\u0103\u0163ii senatorilor prezen\u0163i. Votul este secret \u015fi se exprim\u0103 prin bile.<\/p>\n<div class=\"d-flex justify-content-center w-100 flex-row mt-5 mb-5 advert-970-250-m-300-250\">\n                                <!-- \/32628511\/Realitatea.netV2_articol\/300x250_ia_4 &amp; \/32628511\/Realitatea.netV2_articol_mobile\/300x600\/\/300x250_2 --><\/p>\n<div id=\"div-gpt-ad-1625071089075-0\"><\/div>\n<div id=\"div-gpt-ad-1625070536172-0\"><\/div>\n<\/p><\/div>\n<p>DNA a cerut aviz pentru urm\u0103rirea penal\u0103 a fostului ministru al S\u0103n\u0103t\u0103\u021bii acum dou\u0103 luni.<\/p>\n<p>\u201eConcret, \u00een perioada februarie 2017 &#8211; ianuarie 2018, demnitarul (care \u00een prezent nu mai ocup\u0103 func\u021bia de ministru), de\u0219i cuno\u0219tea c\u0103 persoana angajat\u0103 \u00een func\u021bia de consilier personal nu s-a prezentat la serviciu \u0219i nu a prestat activit\u0103\u021bile la care era obligat\u0103 prin contractul individual de munc\u0103 \u0219i fi\u0219a postului, ar fi atestat \u00een mod nereal prezen\u021ba acesteia la locul de munc\u0103 prin semnarea foilor colective de prezen\u021b\u0103 \u0219i nu a luat m\u0103suri pentru sanc\u021bionarea disciplinar\u0103. Astfel, consiliera ministrului de la acea dat\u0103 ar fi ob\u021binut drepturi salariale care nu i se cuveneau \u00een cuantum de 77.985 lei, suma ce ar reprezenta prejudiciu la bugetul ministerului respectiv\u201d, potrivit DNA.<\/p>\n<h2><a href=\"https:\/\/www.realitatea.net\/dna-cere-ridicarea-imunita-ii-fostului-ministru-al-sanata-ii-florian-bodog_2204326.html\" target=\"_blank\" rel=\"noopener\">DNA cere ridicarea imunit\u0103\u021bii lui Florian Bodog. Reac\u021bia fostului ministru<\/a><\/h2>\n<p>\u00cen sesiunea parlamentar\u0103 precedent\u0103, C\u0103lin Popescu T\u0103riceanu a sc\u0103pat de urm\u0103rirea penal\u0103. Fostul pre\u0219edinte al Senatului \u0219i fost partener de coali\u021bie al PSD, T\u0103riceanu a fost salvat atunci de colegii senatori din fosta coali\u021bie de guvernare PSD-ALDE, dup\u0103 \u0219apte luni de tergivers\u0103ri.<\/p>\n<p>Astfel, Senatul a respins pe 4 iunie 2019, cu 71 de voturi \u00eempotriv\u0103, cererea DNA de \u00eencuviin\u021bare a urm\u0103ririi penale pentru luare de mit\u0103 POtrivit procurorilor, T\u0103riceanu ar fi primit aproape 800.000 de dolari de la reprezentan\u0163ii unei companii austriece pentru a \u00eencheia mai multe acte adi\u0163ionale la un contract comercial, banii fiind folosi\u0163i pentru campania electoral\u0103. Firma la care fac referire procurorii este Fujitsu Siemens Computers, cea de al c\u0103rui nume a fost legat \u015fi dosarul Microsoft, \u00een care au fost implica\u0163i mai mul\u0163i demnitari rom\u00e2ni.<\/p>\n<div class=\"d-flex justify-content-center w-100 flex-row mt-5 mb-5 advert-970-250-m-300-250\">\n                                <!-- \/32628511\/Realitatea.netV2_articol\/300x250_ia_5 &amp; \/32628511\/Realitatea.netV2_articol_mobile\/300x600\/\/300x250_3 --><\/p>\n<div id=\"div-gpt-ad-1625071108131-0\"><\/div>\n<div id=\"div-gpt-ad-1625070551720-0\"><\/div>\n<\/p><\/div>\n<p>T\u0103riceanu nu poate fi urm\u0103rit penal f\u0103r\u0103 acordul Senatului, pentru c\u0103 este vorba despre fapte s\u0103v\u00e2r\u0219ite \u00een perioada mandatului de premier, adic\u0103 \u00eentre anii 2005 \u0219i 2008.<\/p>\n<\/div>\n<p>Source URL: https:\/\/www.realitatea.net\/stiri\/actual\/ce-au-decis-senatorii-florian-bodog-psd-va-ti-in-curand-daca-va-fi-urmarit-penal_5dcc9281406af85273d80a63<\/p>\n","protected":false},"excerpt":{"rendered":"<p>Biroul Permanent al Senatului a fixat termen pe 16 septembrie pentru senatorii juri\u0219ti s\u0103 emit\u0103 un raport privind cererea DNA de urm\u0103rire penal\u0103 a senatorului PSD Florian Bodog.\u00a0Pentru a putea fi anchetat, ridicarea imunit\u0103\u021bii trebuie s\u0103 aib\u0103 loc \u0219i \u00een plenul Senatului, \u00een care social-democra\u021bii nu mai au majoritate.\u00a0Fostul ministru al S\u0103n\u0103t\u0103\u021bii \u00een guvernele Grindeanu [&hellip;]<\/p>\n","protected":false},"author":1,"featured_media":430158,"comment_status":"open","ping_status":"","sticky":false,"template":"","format":"standard","meta":{"footnotes":""},"categories":[2],"tags":[15],"class_list":["post-430157","post","type-post","status-publish","format-standard","has-post-thumbnail","hentry","category-politics","tag-realitatea-net"],"_links":{"self":[{"href":"https:\/\/analyse.optim.biz\/index.php?rest_route=\/wp\/v2\/posts\/430157","targetHints":{"allow":["GET"]}}],"collection":[{"href":"https:\/\/analyse.optim.biz\/index.php?rest_route=\/wp\/v2\/posts"}],"about":[{"href":"https:\/\/analyse.optim.biz\/index.php?rest_route=\/wp\/v2\/types\/post"}],"author":[{"embeddable":true,"href":"https:\/\/analyse.optim.biz\/index.php?rest_route=\/wp\/v2\/users\/1"}],"replies":[{"embeddable":true,"href":"https:\/\/analyse.optim.biz\/index.php?rest_route=%2Fwp%2Fv2%2Fcomments&post=430157"}],"version-history":[{"count":0,"href":"https:\/\/analyse.optim.biz\/index.php?rest_route=\/wp\/v2\/posts\/430157\/revisions"}],"wp:featuredmedia":[{"embeddable":true,"href":"https:\/\/analyse.optim.biz\/index.php?rest_route=\/wp\/v2\/media\/430158"}],"wp:attachment":[{"href":"https:\/\/analyse.optim.biz\/index.php?rest_route=%2Fwp%2Fv2%2Fmedia&parent=430157"}],"wp:term":[{"taxonomy":"category","embeddable":true,"href":"https:\/\/analyse.optim.biz\/index.php?rest_route=%2Fwp%2Fv2%2Fcategories&post=430157"},{"taxonomy":"post_tag","embeddable":true,"href":"https:\/\/analyse.optim.biz\/index.php?rest_route=%2Fwp%2Fv2%2Ftags&post=430157"}],"curies":[{"name":"wp","href":"https:\/\/api.w.org\/{rel}","templated":true}]}}