{"id":415077,"date":"2018-12-03T13:17:00","date_gmt":"2018-12-03T10:17:00","guid":{"rendered":"https:\/\/analyse.optim.biz\/?p=415077"},"modified":"2018-12-03T13:17:00","modified_gmt":"2018-12-03T10:17:00","slug":"csm-a-decis-ca-augustin-lazar-a-incalcat-codul-deontologic-reactia-imediata-a-procurorului-general","status":"publish","type":"post","link":"https:\/\/analyse.optim.biz\/?p=415077","title":{"rendered":"CSM a decis c\u0103 Augustin Laz\u0103r a \u00eenc\u0103lcat Codul Deontologic. Reac\u0163ia imediat\u0103 a Procurorului General"},"content":{"rendered":"<div class=\"description\" data-key=\"description\">Plenul Consiliului Superior al Magistraturii a decis c\u0103 Augustin Laz\u0103r a \u00eenc\u0103lcat Codul Deontologic cu sintagma \u201dinculpa\u0163i de rang \u00eenalt\u201d. Reac\u0163ia procurorului general nu a \u00eent\u00e2rziat s\u0103 apar\u0103, acesta catalog\u00e2nd m\u0103sura drept &#8220;nelegal\u0103\u201d.<\/div>\n<div class=\"articleBody\" data-key=\"articleBody\">Plenul Consiliului Superior al Magistraturii a decis c\u0103 Augustin Laz\u0103r a \u00eenc\u0103lcat Codul Deontologic cu sintagma \u201dinculpa\u0163i de rang \u00eenalt\u201d. Reac\u0163ia procurorului general nu a \u00eent\u00e2rziat s\u0103 apar\u0103, acesta catalog\u00e2nd m\u0103sura drept &#8220;nelegal\u0103\u201d.<\/p>\n<p>Augustin Laz\u0103r a transmis, luni, un mesaj privind solu\u0163ia Plenului Consiliului Superior al Magistraturii ce vizeaz\u0103 \u00eenc\u0103lcarea Codului Deontologic.<\/p>\n<p>\u201dCa urmare a interesului manifestat de opinia public\u0103, ar\u0103t c\u0103 am contestat hot\u0103r\u00e2rea Plenului Consiliului Superior al Magistraturii din data de 3 decembrie 2018, hot\u0103r\u00e2re prin care, la limita majorit\u0103\u0163ii, a fost desfiin\u0163at\u0103 hot\u0103r\u00e2rea Sec\u0163iei pentru procurori nr. 376 din 26 iunie 2018 care stabilea c\u0103 nu exist\u0103 indicii privind \u00eenc\u0103lcarea dispozi\u0163iilor art. 17 din Codul deontologic al judec\u0103torilor \u015fi procurorilor. Solu\u0163ia Plenului Consiliului Superior al Magistraturii o apreciez ca nelegal\u0103 \u015fi urmeaz\u0103 ca instan\u0163a competent\u0103, sesizat\u0103 \u00een termenul legal, s\u0103 hot\u0103rasc\u0103 asupra contesta\u0163iei formulate\u201d, a transmis Augustin Laz\u0103r.<\/p>\n<p>Anterior, plenul CSM a decis c\u0103 procurorul general a \u00eenc\u0103lcat Codul Deontologic cu sintagma \u201dinculpa\u0163i de rang \u00eenalt\u201d.<\/p>\n<p>Luni diminea\u0163\u0103, la intrarea \u00een sediul CSM, Laz\u0103r aprecia c\u0103 Direc\u0163ia Na\u0163ional\u0103 Anticorup\u0163ie are drept competen\u0163\u0103 anchetarea \u201einculpa\u0163ilor de rang \u00eenalt\u201d, scopul institu\u0163iei fiind combaterea corup\u0163iei \u201ela nivel de mijloc \u015fi \u00eenalt\u201d.<\/p>\n<p>\u201eInculpa\u0163ii de rang \u00eenalt sunt cei care sunt de competen\u0163a Direc\u0163iei Na\u0163ionale Anticorup\u0163ie, dac\u0103 v\u0103 uita\u0163i \u00een lege, exact a\u015fa scrie acolo, Direc\u0163ia Na\u0163ional\u0103 Anticorup\u0163ie este f\u0103cut\u0103 pentru a combate un anume gen de criminalitate, corup\u0163ia, dar nu la nivel sc\u0103zut, ci la nivel de mijloc \u015fi \u00eenalt, cel mai adesea la nivel \u00eenalt. Prin urmare, inculpa\u0163ii DNA-ului sunt inculpa\u0163i de rang \u00eenalt\u201d, a afirmat, luni, procurorul general Augustin Laz\u0103r, la intrarea \u00een sediul CSM.<\/p>\n<p>\u015ei ministrul Justi\u0163iei a reac\u0163ionat pe aceast\u0103 tem\u0103, Todorel Toader afirm\u00e2nd c\u0103 Augustin Laz\u0103r \u201etrage de timp\u201d cu procesul prin care a contestat raportul \u00een 20 de puncte pe care l-a prezentat \u00een momentul \u00een care a propus revocarea din func\u0163ie a acestuia.<\/p>\n<p>Sursa: News.ro\n<\/p><\/div>\n<p> Source URL: https:\/\/observatornews.ro\/politic\/csm-augustin-lazar-cod-deontologic-277314.html<\/p>\n","protected":false},"excerpt":{"rendered":"<p>Plenul Consiliului Superior al Magistraturii a decis c\u0103 Augustin Laz\u0103r a \u00eenc\u0103lcat Codul Deontologic cu sintagma \u201dinculpa\u0163i de rang \u00eenalt\u201d. Reac\u0163ia procurorului general nu a \u00eent\u00e2rziat s\u0103 apar\u0103, acesta catalog\u00e2nd m\u0103sura drept &#8220;nelegal\u0103\u201d. Plenul Consiliului Superior al Magistraturii a decis c\u0103 Augustin Laz\u0103r a \u00eenc\u0103lcat Codul Deontologic cu sintagma \u201dinculpa\u0163i de rang \u00eenalt\u201d. Reac\u0163ia procurorului [&hellip;]<\/p>\n","protected":false},"author":1,"featured_media":0,"comment_status":"open","ping_status":"","sticky":false,"template":"","format":"standard","meta":{"footnotes":""},"categories":[2],"tags":[30],"class_list":["post-415077","post","type-post","status-publish","format-standard","hentry","category-politics","tag-observatornews-ro"],"_links":{"self":[{"href":"https:\/\/analyse.optim.biz\/index.php?rest_route=\/wp\/v2\/posts\/415077","targetHints":{"allow":["GET"]}}],"collection":[{"href":"https:\/\/analyse.optim.biz\/index.php?rest_route=\/wp\/v2\/posts"}],"about":[{"href":"https:\/\/analyse.optim.biz\/index.php?rest_route=\/wp\/v2\/types\/post"}],"author":[{"embeddable":true,"href":"https:\/\/analyse.optim.biz\/index.php?rest_route=\/wp\/v2\/users\/1"}],"replies":[{"embeddable":true,"href":"https:\/\/analyse.optim.biz\/index.php?rest_route=%2Fwp%2Fv2%2Fcomments&post=415077"}],"version-history":[{"count":0,"href":"https:\/\/analyse.optim.biz\/index.php?rest_route=\/wp\/v2\/posts\/415077\/revisions"}],"wp:attachment":[{"href":"https:\/\/analyse.optim.biz\/index.php?rest_route=%2Fwp%2Fv2%2Fmedia&parent=415077"}],"wp:term":[{"taxonomy":"category","embeddable":true,"href":"https:\/\/analyse.optim.biz\/index.php?rest_route=%2Fwp%2Fv2%2Fcategories&post=415077"},{"taxonomy":"post_tag","embeddable":true,"href":"https:\/\/analyse.optim.biz\/index.php?rest_route=%2Fwp%2Fv2%2Ftags&post=415077"}],"curies":[{"name":"wp","href":"https:\/\/api.w.org\/{rel}","templated":true}]}}