{"id":415076,"date":"2018-12-03T13:32:00","date_gmt":"2018-12-03T10:32:00","guid":{"rendered":"https:\/\/analyse.optim.biz\/?p=415076"},"modified":"2018-12-03T13:32:00","modified_gmt":"2018-12-03T10:32:00","slug":"patru-deputati-au-demisionat-din-psd-si-se-vor-alatura-pro-romania","status":"publish","type":"post","link":"https:\/\/analyse.optim.biz\/?p=415076","title":{"rendered":"Patru deputa\u021bi au demisionat din PSD \u0219i se vor al\u0103tura Pro Rom\u00e2nia"},"content":{"rendered":"<div class=\"description\" data-key=\"description\">Victor Ponta a anun\u021bat luni, pe pagina personal\u0103 de Facebook, c\u0103 patru deputa\u021bi au demisionat din Partidul Social Democrat \u0219i se vor al\u0103tura Pro Rom\u00e2nia. &#8220;Din p\u0103cate PSD a fost confiscat de un grup infrac\u021bional&#8221;, a precizat fostul premier.<\/div>\n<div class=\"articleBody\" data-key=\"articleBody\">Victor Ponta a anun\u021bat luni, pe pagina personal\u0103 de Facebook, c\u0103 patru deputa\u021bi au demisionat din Partidul Social Democrat \u0219i se vor al\u0103tura Pro Rom\u00e2nia. &#8220;Din p\u0103cate PSD a fost confiscat de un grup infrac\u021bional&#8221;, a precizat fostul premier.<\/p>\n<p>Ion Mocioalc\u0103 \u0219i Ion Sp\u00e2nu sunt deputa\u021bi de Cara\u0219-Severin, iar\u00a0Mihai Popa si Mihai Mohaci de Bra\u0219ov.<\/p>\n<p>INFORMARESet\u0103rile tale privind cookie-urile nu permit afi\u0219area con\u021binutului din aceast\u0103 zon\u0103. E necesar s\u0103 accep\u021bi cookie-urile social media pentru afisarea acestui tip de con\u021binut. Modific\u0103 set\u0103rile<\/p>\n<p>INFORMARESet\u0103rile tale privind cookie-urile nu permit afi\u0219area con\u021binutului din aceast\u0103 zon\u0103. E necesar s\u0103 accep\u021bi cookie-urile social media pentru afisarea acestui tip de con\u021binut. Modific\u0103 set\u0103rile<\/p>\n<p>Tot luni, pre\u0219edintele PSD Cara\u0219-Severin,\u00a0Ion Mocioalc\u0103,\u00a0\u0219i-a anun\u021bat demisia din partid, dup\u0103 24 de ani.\u00a0<\/p>\n<p>INFORMARESet\u0103rile tale privind cookie-urile nu permit afi\u0219area con\u021binutului din aceast\u0103 zon\u0103. E necesar s\u0103 accep\u021bi cookie-urile social media pentru afisarea acestui tip de con\u021binut. Modific\u0103 set\u0103rile\n<\/p><\/div>\n<p> Source URL: https:\/\/observatornews.ro\/politic\/deputati-demisie-psd-pro-romania-277316.html<\/p>\n","protected":false},"excerpt":{"rendered":"<p>Victor Ponta a anun\u021bat luni, pe pagina personal\u0103 de Facebook, c\u0103 patru deputa\u021bi au demisionat din Partidul Social Democrat \u0219i se vor al\u0103tura Pro Rom\u00e2nia. &#8220;Din p\u0103cate PSD a fost confiscat de un grup infrac\u021bional&#8221;, a precizat fostul premier. Victor Ponta a anun\u021bat luni, pe pagina personal\u0103 de Facebook, c\u0103 patru deputa\u021bi au demisionat din [&hellip;]<\/p>\n","protected":false},"author":1,"featured_media":0,"comment_status":"open","ping_status":"","sticky":false,"template":"","format":"standard","meta":{"footnotes":""},"categories":[2],"tags":[30],"class_list":["post-415076","post","type-post","status-publish","format-standard","hentry","category-politics","tag-observatornews-ro"],"_links":{"self":[{"href":"https:\/\/analyse.optim.biz\/index.php?rest_route=\/wp\/v2\/posts\/415076","targetHints":{"allow":["GET"]}}],"collection":[{"href":"https:\/\/analyse.optim.biz\/index.php?rest_route=\/wp\/v2\/posts"}],"about":[{"href":"https:\/\/analyse.optim.biz\/index.php?rest_route=\/wp\/v2\/types\/post"}],"author":[{"embeddable":true,"href":"https:\/\/analyse.optim.biz\/index.php?rest_route=\/wp\/v2\/users\/1"}],"replies":[{"embeddable":true,"href":"https:\/\/analyse.optim.biz\/index.php?rest_route=%2Fwp%2Fv2%2Fcomments&post=415076"}],"version-history":[{"count":0,"href":"https:\/\/analyse.optim.biz\/index.php?rest_route=\/wp\/v2\/posts\/415076\/revisions"}],"wp:attachment":[{"href":"https:\/\/analyse.optim.biz\/index.php?rest_route=%2Fwp%2Fv2%2Fmedia&parent=415076"}],"wp:term":[{"taxonomy":"category","embeddable":true,"href":"https:\/\/analyse.optim.biz\/index.php?rest_route=%2Fwp%2Fv2%2Fcategories&post=415076"},{"taxonomy":"post_tag","embeddable":true,"href":"https:\/\/analyse.optim.biz\/index.php?rest_route=%2Fwp%2Fv2%2Ftags&post=415076"}],"curies":[{"name":"wp","href":"https:\/\/api.w.org\/{rel}","templated":true}]}}