{"id":414210,"date":"2019-02-18T08:31:00","date_gmt":"2019-02-18T05:31:00","guid":{"rendered":"https:\/\/analyse.optim.biz\/?p=414210"},"modified":"2019-02-18T08:31:00","modified_gmt":"2019-02-18T05:31:00","slug":"iccj-a-stabilit-cand-se-judeca-apelul-lui-liviu-dragnea-condamnat-la-3-ani-si-jumatate-de-inchisoare","status":"publish","type":"post","link":"https:\/\/analyse.optim.biz\/?p=414210","title":{"rendered":"ICCJ a stabilit c\u00e2nd se judec\u0103 apelul lui Liviu Dragnea, condamnat la 3 ani \u015fi jum\u0103tate de \u00eenchisoare"},"content":{"rendered":"<div class=\"description\" data-key=\"description\">Un nou termen \u00een procesul \u00een care liderul PSD Liviu Dragnea contest\u0103 condamnarea la 3 ani \u015fi jum\u0103tate de \u00eenchisoare \u00een dosarul angaj\u0103rilor fictive \u00a0de la Direc\u0163ia General\u0103 de Asisten\u0163\u0103 Social\u0103 \u015fi Protec\u0163ia Copilului (DGASPC) Teleorman a fost stabilit pentru 18 martie.<\/div>\n<div class=\"articleBody\" data-key=\"articleBody\">Un nou termen \u00een procesul \u00een care liderul PSD Liviu Dragnea contest\u0103 condamnarea la 3 ani \u015fi jum\u0103tate de \u00eenchisoare \u00een dosarul angaj\u0103rilor fictive de la Direc\u0163ia General\u0103 de Asisten\u0163\u0103 Social\u0103 \u015fi Protec\u0163ia Copilului (DGASPC) Teleorman a fost stabilit pentru 18 martie.<\/p>\n<p>Completul care \u00eel va judeca pe Dragnea este format din \u00a0Simona Daniela Encean, \u00a0Lucia Tatiana Rog, \u00a0Alexandra Iuliana Rus, Luciana Mera \u015fi Aida Popa.<\/p>\n<p>Liderul PSD, Liviu Dragnea, spunea c\u0103 nu mai are a\u015ftept\u0103ri legat de apelul la decizia de condamnare a sa la trei ani \u015fi \u015fase luni de \u00eenchisoare cu executare \u00een dosarul angaj\u0103rilor fictive de la Direc\u0163ia General\u0103 de Asisten\u0163\u0103 Social\u0103 \u015fi Protec\u0163ia Copilului (DGASPC) Teleorman, el sus\u0163in\u00e2nd c\u0103, cel pu\u0163in \u00een ceea ce \u00eel prive\u015fte, nu mai are \u00eencredere c\u0103 justi\u0163ia este oarb\u0103.<\/p>\n<p>&#8220;Eu s\u0103 m\u0103 mai duc cu credin\u0163a c\u0103 \u00een Rom\u00e2nia nu po\u0163i fi condamnat nevinovat, nu&#8221;, a sus\u0163inut liderul PSD.<\/p>\n<p>&#8220;Nu prea mai am a\u015ftept\u0103ri de la acest recurs. Adic\u0103 nu mai am \u00eencredere c\u0103, cel pu\u0163in \u00een ceea ce m\u0103 prive\u015fte, \u015fi nu numai, c\u0103 justi\u0163ia este oarb\u0103, dup\u0103 ce am primit a doua condamnare f\u0103r\u0103 nicio prob\u0103. S\u0103 spui c\u0103 nu sunt probe \u015fi s\u0103 fii condamnat pe baza unui studiu sociologic, s\u0103 trimi\u0163i \u00een \u00eenchisoare un om f\u0103r\u0103 probe, ierta\u0163i-m\u0103, dar.. Asta \u00eenseamn\u0103 lovituri asupra statului de drept \u00een Rom\u00e2nia. C\u00e2nd vezi c\u0103 se \u00eent\u00e2mpl\u0103 lucrurile astea, ce s\u0103 mai pui \u00een rezervorul de \u00eencredere? C\u00e2nd \u015ftii c\u0103 sunt dosare pe care le au magistra\u0163ii, te duci cu g\u00e2ndul c\u0103 nu toate deciziile se iau pe libera con\u015ftiin\u0163\u0103. Au fost multe informa\u0163ii care au ajuns la mine \u00eenainte de termen, dar nu le-am dat importan\u0163\u0103&#8221;, declarat Liviu Dragnea.\u00a0<\/p>\n<p>Magistra\u0163ii instan\u0163ei supreme au finalizat \u00een 18 septembrie motivarea deciziei de condamnare a lui Dragnea, ar\u0103t\u00e2nd c\u0103, prin influen\u0163\u0103 \u015fi putere, Dragnea a determinat-o pe fosta directoare a DGASPC Floarea Alesu s\u0103 s\u0103v\u00e2r\u015feasc\u0103 infrac\u0163iunea de abuz \u00een serviciu.<\/p>\n<p>&#8220;\u00cenalta Curte, \u00een opinie majoritar\u0103, apreciaz\u0103 c\u0103 \u00een cauz\u0103 din coroborarea probelor administrate rezult\u0103 faptul c\u0103 inculpatul Dragnea Nicolae Liviu a fost cel care, cu inten\u0163ie, folosindu-se de influen\u0163\u0103, autoritatea \u015fi puterea conferit\u0103 de func\u0163iile de\u0163inute &#8211; pre\u015fedinte at\u00e2t al organiza\u0163iei jude\u0163ene a PSD Teleorman, c\u00e2t \u015fi al Consiliului Jude\u0163ean Teleorman &#8211; a determinat-o pe inculpata Alesu Floarea s\u0103 s\u0103v\u00e2r\u015feasc\u0103 infrac\u0163iunea de abuz \u00een serviciu\u201d, arat\u0103 magistra\u0163ii \u00cenaltei Cur\u0163i de Casa\u0163ie \u015fi Justi\u0163ie.<\/p>\n<p>Magistra\u0163ii mai arat\u0103 c\u0103 &#8220;\u00een reu\u015fita demersului s\u0103u infrac\u0163ional inculpatul Dragnea Nicolae Liviu s-a folosit, deliberat, de ascendentul moral pe care-l avea fa\u0163\u0103 de inculpata Alesu Floarea\u201d.<\/p>\n<p>\u00cen 21 iunie, liderul PSD, Liviu Dragnea, a fost condamnat joi la trei ani \u015fi \u015fase luni de \u00eenchisoare cu executare \u00een dosarul angaj\u0103rilor fictive de la Direc\u0163ia General\u0103 de Asisten\u0163\u0103 Social\u0103 \u015fi Protec\u0163ia Copilului (DGASPC) Teleorman, pentru instigare la abuz \u00een serviciu. El a fost achitat pentru infrac\u0163iunea de fals intelectual.\u00a0<\/p>\n<p>Suspendarea execut\u0103rii pedepsei de doi ani primit\u0103 de Liviu Dragnea \u00een dosarul \u201dReferendumul\u201d a fost anulat\u0103, iar cele dou\u0103 pedepse au fost contopite, rezult\u00e2nd o pedeaps\u0103 total\u0103 de trei ani \u015fi jum\u0103tate de \u00eenchisoare cu executare.<\/p>\n<p>Decizia nu a fost luat\u0103 \u00een unanimitate de c\u0103tre magistra\u0163i, exist\u00e2nd \u015fi o opinie separat\u0103 de achitare a lui Liviu Dragnea pentru infrac\u0163iunea de instigare la abuz \u00een serviciu.<\/p>\n<p>\u00cen cazul fostei so\u0163ii a lui Dragnea, Bombonica Prodana, se constat\u0103 \u00eencetarea procesului penal \u015fi se aplic\u0103 o amend\u0103 administrativ\u0103 de 1.000 de lei.<\/p>\n<p>Ceilal\u0163i inculpa\u0163i \u00een acest dosar au primit \u00eenchisoare cu suspendare, cu excep\u0163ia fostului director executiv al DGASPC Teleorman, Floarea Alesu, condamnat\u0103 la trei ani \u015fi \u015fapte luni de \u00eenchisoare cu executare.\u00a0<\/p>\n<p>De asemenea, instan\u0163a suprem\u0103 a admis ac\u0163iunea civil\u0103 a DGASPC Teleorman \u015fi i-a obligat pe inculpa\u0163i la plata sumei de 108.612 de lei reprezent\u00e2nd desp\u0103gubiri civile cu titlu de daune materiale &#8211; drepturi salariale \u00eencasate necuvenit de c\u0103tre inculpatele Anisa Stoica \u015fi Adriana Botorogeanu Adrian, \u00een solidar pentru perioadele men\u0163ionate \u00een rechizitoriu.\n<\/p><\/div>\n<p> Source URL: https:\/\/observatornews.ro\/politic\/iccj-a-stabilit-cand-se-judeca-apelul-lui-liviu-dragnea-condamnat-la-3-ani-si-jumatate-de-inchisoare-285101.html<\/p>\n","protected":false},"excerpt":{"rendered":"<p>Un nou termen \u00een procesul \u00een care liderul PSD Liviu Dragnea contest\u0103 condamnarea la 3 ani \u015fi jum\u0103tate de \u00eenchisoare \u00een dosarul angaj\u0103rilor fictive \u00a0de la Direc\u0163ia General\u0103 de Asisten\u0163\u0103 Social\u0103 \u015fi Protec\u0163ia Copilului (DGASPC) Teleorman a fost stabilit pentru 18 martie. Un nou termen \u00een procesul \u00een care liderul PSD Liviu Dragnea contest\u0103 condamnarea [&hellip;]<\/p>\n","protected":false},"author":1,"featured_media":0,"comment_status":"open","ping_status":"","sticky":false,"template":"","format":"standard","meta":{"footnotes":""},"categories":[2],"tags":[30],"class_list":["post-414210","post","type-post","status-publish","format-standard","hentry","category-politics","tag-observatornews-ro"],"_links":{"self":[{"href":"https:\/\/analyse.optim.biz\/index.php?rest_route=\/wp\/v2\/posts\/414210","targetHints":{"allow":["GET"]}}],"collection":[{"href":"https:\/\/analyse.optim.biz\/index.php?rest_route=\/wp\/v2\/posts"}],"about":[{"href":"https:\/\/analyse.optim.biz\/index.php?rest_route=\/wp\/v2\/types\/post"}],"author":[{"embeddable":true,"href":"https:\/\/analyse.optim.biz\/index.php?rest_route=\/wp\/v2\/users\/1"}],"replies":[{"embeddable":true,"href":"https:\/\/analyse.optim.biz\/index.php?rest_route=%2Fwp%2Fv2%2Fcomments&post=414210"}],"version-history":[{"count":0,"href":"https:\/\/analyse.optim.biz\/index.php?rest_route=\/wp\/v2\/posts\/414210\/revisions"}],"wp:attachment":[{"href":"https:\/\/analyse.optim.biz\/index.php?rest_route=%2Fwp%2Fv2%2Fmedia&parent=414210"}],"wp:term":[{"taxonomy":"category","embeddable":true,"href":"https:\/\/analyse.optim.biz\/index.php?rest_route=%2Fwp%2Fv2%2Fcategories&post=414210"},{"taxonomy":"post_tag","embeddable":true,"href":"https:\/\/analyse.optim.biz\/index.php?rest_route=%2Fwp%2Fv2%2Ftags&post=414210"}],"curies":[{"name":"wp","href":"https:\/\/api.w.org\/{rel}","templated":true}]}}