{"id":414185,"date":"2019-02-20T17:31:01","date_gmt":"2019-02-20T14:31:01","guid":{"rendered":"https:\/\/analyse.optim.biz\/?p=414185"},"modified":"2019-02-20T17:31:01","modified_gmt":"2019-02-20T14:31:01","slug":"razvan-cuc-ministrul-fara-realizari-s-ar-putea-intoarce-in-functie","status":"publish","type":"post","link":"https:\/\/analyse.optim.biz\/?p=414185","title":{"rendered":"R\u0103zvan Cuc, ministrul f\u0103r\u0103 realiz\u0103ri, s-ar putea \u00eentoarce \u00een func\u0163ie"},"content":{"rendered":"<div class=\"description\" data-key=\"description\">\u00cen ziua \u00een care expir\u0103 interimatele pentru Transporturi \u015fi Dezvoltare, Guvernul a trimis la Palatul Cotroceni noile nominaliz\u0103ri. Este vorba despre R\u0103zvan Cuc, respectiv, Daniel Suciu.<\/div>\n<div class=\"articleBody\" data-key=\"articleBody\">\u00cen ziua \u00een care expir\u0103 interimatele pentru Transporturi \u015fi Dezvoltare, Guvernul a trimis la Palatul Cotroceni noile nominaliz\u0103ri. Este vorba despre R\u0103zvan Cuc, respectiv, Daniel Suciu. Pre\u015fedintele nu a dat \u00eenc\u0103 un r\u0103spuns pentru cei doi. Cuc a mai condus Transporturile \u015fi \u00een cabinetul lui Mihai Tudose. \u015ei a fost catalogat la acel moment drept ministrul cu cele mai pu\u0163ine realiz\u0103ri.<\/p>\n<p>Dup\u0103 dou\u0103 nominaliz\u0103ri respinse de Klaus Iohannis, premierul i-a trimis pre\u015fedintelui o a treia variant\u0103 pentru Transporturi. Omul care \u00een zece luni de mandat \u00een Guvernul Tudose, la acela\u015fi minister, a f\u0103cut exact ce a promis:<\/p>\n<p>INFORMARESet\u0103rile tale privind cookie-urile nu permit afi\u0219area con\u021binutului din aceast\u0103 zon\u0103. E necesar s\u0103 accep\u021bi cookie-urile social media pentru afisarea acestui tip de con\u021binut. Modific\u0103 set\u0103rile<\/p>\n<p>R\u0103zvan Cuc a reu\u015fit totu\u015fi s\u0103 deschid\u0103 15 kilometri din autostrada Lugoj-Deva. \u00cen plus, a inaugurat \u015fi o linie de cale ferat\u0103 n\u0103p\u0103dit\u0103 de buruieni, care exist\u0103 din perioada austro-ungar\u0103 \u015fi pe care se circul\u0103 cu 30 de km pe or\u0103.<\/p>\n<p>Apoi a &#8220;t\u0103iat panglica&#8221; la 7 kilometri \u015fi jum\u0103tate din Centura Bucure\u0219ti, unde stratul final de asfalt nu era \u00eenc\u0103 turnat.<\/p>\n<p>\u00cen octombrie 2017, Cuc a decis s\u0103 p\u0103r\u0103seasc\u0103 fotoliul de ministru al Transporturilor. Pentru ministerul Dezvolt\u0103rii, Guvernul \u00eel propune pe Daniel Suciu, actual lider al deputa\u0163ilor social democra\u0163i.<\/p>\n<p>Suciu a fost propus dup\u0103 ce Lia Olgu\u0163a Vasilescu a anun\u0163at s\u0103pt\u0103m\u00e2na trecut\u0103 c\u0103 \u00ee\u015fi retrage candidatura. Klaus Iohannis a refuzat de patru ori s\u0103 o numeasc\u0103 ministru.\n<\/p><\/div>\n<p> Source URL: https:\/\/observatornews.ro\/politic\/razvan-cuc-ministrul-fara-realizari-sar-putea-intoarce-285382.html<\/p>\n","protected":false},"excerpt":{"rendered":"<p>\u00cen ziua \u00een care expir\u0103 interimatele pentru Transporturi \u015fi Dezvoltare, Guvernul a trimis la Palatul Cotroceni noile nominaliz\u0103ri. Este vorba despre R\u0103zvan Cuc, respectiv, Daniel Suciu. \u00cen ziua \u00een care expir\u0103 interimatele pentru Transporturi \u015fi Dezvoltare, Guvernul a trimis la Palatul Cotroceni noile nominaliz\u0103ri. Este vorba despre R\u0103zvan Cuc, respectiv, Daniel Suciu. Pre\u015fedintele nu a [&hellip;]<\/p>\n","protected":false},"author":1,"featured_media":0,"comment_status":"open","ping_status":"","sticky":false,"template":"","format":"standard","meta":{"footnotes":""},"categories":[2],"tags":[30],"class_list":["post-414185","post","type-post","status-publish","format-standard","hentry","category-politics","tag-observatornews-ro"],"_links":{"self":[{"href":"https:\/\/analyse.optim.biz\/index.php?rest_route=\/wp\/v2\/posts\/414185","targetHints":{"allow":["GET"]}}],"collection":[{"href":"https:\/\/analyse.optim.biz\/index.php?rest_route=\/wp\/v2\/posts"}],"about":[{"href":"https:\/\/analyse.optim.biz\/index.php?rest_route=\/wp\/v2\/types\/post"}],"author":[{"embeddable":true,"href":"https:\/\/analyse.optim.biz\/index.php?rest_route=\/wp\/v2\/users\/1"}],"replies":[{"embeddable":true,"href":"https:\/\/analyse.optim.biz\/index.php?rest_route=%2Fwp%2Fv2%2Fcomments&post=414185"}],"version-history":[{"count":0,"href":"https:\/\/analyse.optim.biz\/index.php?rest_route=\/wp\/v2\/posts\/414185\/revisions"}],"wp:attachment":[{"href":"https:\/\/analyse.optim.biz\/index.php?rest_route=%2Fwp%2Fv2%2Fmedia&parent=414185"}],"wp:term":[{"taxonomy":"category","embeddable":true,"href":"https:\/\/analyse.optim.biz\/index.php?rest_route=%2Fwp%2Fv2%2Fcategories&post=414185"},{"taxonomy":"post_tag","embeddable":true,"href":"https:\/\/analyse.optim.biz\/index.php?rest_route=%2Fwp%2Fv2%2Ftags&post=414185"}],"curies":[{"name":"wp","href":"https:\/\/api.w.org\/{rel}","templated":true}]}}