{"id":412212,"date":"2019-09-04T16:45:19","date_gmt":"2019-09-04T13:45:19","guid":{"rendered":"https:\/\/analyse.optim.biz\/?p=412212"},"modified":"2019-09-04T16:45:19","modified_gmt":"2019-09-04T13:45:19","slug":"consilierul-parlamentar-dat-afara-pentru-ca-a-injurat-politistii-acuza-ca-acestia-il-hartuiau","status":"publish","type":"post","link":"https:\/\/analyse.optim.biz\/?p=412212","title":{"rendered":"Consilierul parlamentar dat afar\u0103 pentru c\u0103 a \u00eenjurat poli\u0163i\u015ftii acuz\u0103 c\u0103 ace\u015ftia \u00eel h\u0103r\u0163uiau"},"content":{"rendered":"<div class=\"description\" data-key=\"description\">Scandal cu amenin\u0163\u0103ri \u015fi \u00eenjur\u0103turi \u00een plin\u0103 strad\u0103. Consilierul unui deputat PSD de Prahova \u015fi-a ie\u015fit din min\u0163i pentru c\u0103 Poli\u0163ia a &#8220;\u00eendr\u0103znit&#8221; s\u0103-l legitimeze dup\u0103 ce a oprit ma\u015fina neregulamentar \u00een trafic.\u00a0<\/div>\n<div class=\"articleBody\" data-key=\"articleBody\">Scandal cu amenin\u0163\u0103ri \u015fi \u00eenjur\u0103turi \u00een plin\u0103 strad\u0103. Consilierul unui deputat PSD de Prahova \u015fi-a ie\u015fit din min\u0163i pentru c\u0103 Poli\u0163ia a &#8220;\u00eendr\u0103znit&#8221; s\u0103-l legitimeze dup\u0103 ce a oprit ma\u015fina neregulamentar \u00een trafic.\u00a0<\/p>\n<p>Scenele revolt\u0103toare au fost filmate \u00een comuna P\u0103ule\u015fti, jude\u0163ul Prahova. Consilierul pe probleme sportive Lucian R\u0103dulescu a \u00eencercat s\u0103-i intimideze pe poli\u0163i\u015fti.\u00a0<\/p>\n<p>I-a sfidat \u015fi le-a ar\u0103tat legitima\u0163ia emis\u0103 de Camera Deputa\u0163ilor, \u00een speran\u0163a c\u0103 va sc\u0103pa de amend\u0103.\u00a0<\/p>\n<p>B\u0103rbatul era angajat la cabinetul Laurei Moagher, deputat PSD de Prahova, care a transmis c\u0103 l-a concediat dup\u0103 apari\u0163ia imaginilor.\u00a0<\/p>\n<p>\u00cen urma scandalului, R\u0103dulescu a spus c\u0103 era urm\u0103rit de mult\u0103 vreme de unul dintre agen\u0163ii de Poli\u0163ie \u015fi de aceea ar fi avut aceast\u0103 ie\u015fire.\u00a0\n<\/p><\/div>\n<p> Source URL: https:\/\/observatornews.ro\/politic\/consilier-dat-afara-injurii-politie-311418.html<\/p>\n","protected":false},"excerpt":{"rendered":"<p>Scandal cu amenin\u0163\u0103ri \u015fi \u00eenjur\u0103turi \u00een plin\u0103 strad\u0103. Consilierul unui deputat PSD de Prahova \u015fi-a ie\u015fit din min\u0163i pentru c\u0103 Poli\u0163ia a &#8220;\u00eendr\u0103znit&#8221; s\u0103-l legitimeze dup\u0103 ce a oprit ma\u015fina neregulamentar \u00een trafic.\u00a0 Scandal cu amenin\u0163\u0103ri \u015fi \u00eenjur\u0103turi \u00een plin\u0103 strad\u0103. Consilierul unui deputat PSD de Prahova \u015fi-a ie\u015fit din min\u0163i pentru c\u0103 Poli\u0163ia a [&hellip;]<\/p>\n","protected":false},"author":1,"featured_media":0,"comment_status":"open","ping_status":"","sticky":false,"template":"","format":"standard","meta":{"footnotes":""},"categories":[2],"tags":[30],"class_list":["post-412212","post","type-post","status-publish","format-standard","hentry","category-politics","tag-observatornews-ro"],"_links":{"self":[{"href":"https:\/\/analyse.optim.biz\/index.php?rest_route=\/wp\/v2\/posts\/412212","targetHints":{"allow":["GET"]}}],"collection":[{"href":"https:\/\/analyse.optim.biz\/index.php?rest_route=\/wp\/v2\/posts"}],"about":[{"href":"https:\/\/analyse.optim.biz\/index.php?rest_route=\/wp\/v2\/types\/post"}],"author":[{"embeddable":true,"href":"https:\/\/analyse.optim.biz\/index.php?rest_route=\/wp\/v2\/users\/1"}],"replies":[{"embeddable":true,"href":"https:\/\/analyse.optim.biz\/index.php?rest_route=%2Fwp%2Fv2%2Fcomments&post=412212"}],"version-history":[{"count":0,"href":"https:\/\/analyse.optim.biz\/index.php?rest_route=\/wp\/v2\/posts\/412212\/revisions"}],"wp:attachment":[{"href":"https:\/\/analyse.optim.biz\/index.php?rest_route=%2Fwp%2Fv2%2Fmedia&parent=412212"}],"wp:term":[{"taxonomy":"category","embeddable":true,"href":"https:\/\/analyse.optim.biz\/index.php?rest_route=%2Fwp%2Fv2%2Fcategories&post=412212"},{"taxonomy":"post_tag","embeddable":true,"href":"https:\/\/analyse.optim.biz\/index.php?rest_route=%2Fwp%2Fv2%2Ftags&post=412212"}],"curies":[{"name":"wp","href":"https:\/\/api.w.org\/{rel}","templated":true}]}}