{"id":388297,"date":"2013-11-28T12:34:00","date_gmt":"2013-11-28T09:34:00","guid":{"rendered":"https:\/\/analyse.optim.biz\/?p=388297"},"modified":"2013-11-28T12:34:00","modified_gmt":"2013-11-28T09:34:00","slug":"traian-basescu-isi-doreste-unirea-cu-republica-moldova","status":"publish","type":"post","link":"https:\/\/analyse.optim.biz\/?p=388297","title":{"rendered":"Traian B\u0103sescu \u00ee\u015fi dore\u015fte unirea cu Republica Moldova"},"content":{"rendered":"<div class=\"description\" data-key=\"description\">Pre\u015fedintele Traian B\u0103sescu spune c\u0103 urm\u0103torul proiect de \u0163ar\u0103 pentru Rom\u00e2nia este \u00eentregirea \u0163\u0103rii, spun\u00e2nd c\u0103, dac\u0103 \u00een Republica Moldova va exista un curent unionist, \u0163ara noastr\u0103 este preg\u0103tit\u0103 pentru acest lucru<\/div>\n<div class=\"articleBody\" data-key=\"articleBody\">&#8220;Un popor, c\u00e2nd are ocazia s\u0103 fie \u00eempren\u0103, nu va renun\u0163a. Nu mizez pe oameni politici, toat\u0103 ac\u0163iunea mea legat\u0103 de Republica Moldova a fost legat\u0103 de ideea c\u0103 poate ne vom uni, \u015ftiu c\u0103 nu e momentul acum, dar (&#8230;) acest lucru se va \u00eent\u00e2mpla, pentru c\u0103 s\u00e2ngele ap\u0103 nu se face&#8221;, a spus Traian B\u0103sescu la postul na\u0163ional de televiziune.<br \/>\n\u00centrebat dac\u0103 s-a consultat cu diploma\u0163ia din Rom\u00e2nia, cu ministrul de Externe, pre\u015fedintele a r\u0103spuns: &#8220;M\u0103 tem c\u0103, p\u00e2n\u0103 una alta, cel care trebuie s\u0103 dea tonul \u00een politica extern\u0103 sunt eu. Nu cred c\u0103 trebuia s\u0103 iau o aprobare de undeva. Crede\u0163i c\u0103 ministrul Corl\u0103\u0163ean nu ar fi de acord cu unirea celor dou\u0103 state rom\u00e2ne\u015fti?&#8221;.<\/p>\n<\/div>\n<p> Source URL: https:\/\/observatornews.ro\/politic\/traian-basescu-isi-doreste-unirea-cu-republica-moldova-113397.html<\/p>\n","protected":false},"excerpt":{"rendered":"<p>Pre\u015fedintele Traian B\u0103sescu spune c\u0103 urm\u0103torul proiect de \u0163ar\u0103 pentru Rom\u00e2nia este \u00eentregirea \u0163\u0103rii, spun\u00e2nd c\u0103, dac\u0103 \u00een Republica Moldova va exista un curent unionist, \u0163ara noastr\u0103 este preg\u0103tit\u0103 pentru acest lucru &#8220;Un popor, c\u00e2nd are ocazia s\u0103 fie \u00eempren\u0103, nu va renun\u0163a. Nu mizez pe oameni politici, toat\u0103 ac\u0163iunea mea legat\u0103 de Republica Moldova [&hellip;]<\/p>\n","protected":false},"author":1,"featured_media":0,"comment_status":"open","ping_status":"","sticky":false,"template":"","format":"standard","meta":{"footnotes":""},"categories":[2],"tags":[30],"class_list":["post-388297","post","type-post","status-publish","format-standard","hentry","category-politics","tag-observatornews-ro"],"_links":{"self":[{"href":"https:\/\/analyse.optim.biz\/index.php?rest_route=\/wp\/v2\/posts\/388297","targetHints":{"allow":["GET"]}}],"collection":[{"href":"https:\/\/analyse.optim.biz\/index.php?rest_route=\/wp\/v2\/posts"}],"about":[{"href":"https:\/\/analyse.optim.biz\/index.php?rest_route=\/wp\/v2\/types\/post"}],"author":[{"embeddable":true,"href":"https:\/\/analyse.optim.biz\/index.php?rest_route=\/wp\/v2\/users\/1"}],"replies":[{"embeddable":true,"href":"https:\/\/analyse.optim.biz\/index.php?rest_route=%2Fwp%2Fv2%2Fcomments&post=388297"}],"version-history":[{"count":0,"href":"https:\/\/analyse.optim.biz\/index.php?rest_route=\/wp\/v2\/posts\/388297\/revisions"}],"wp:attachment":[{"href":"https:\/\/analyse.optim.biz\/index.php?rest_route=%2Fwp%2Fv2%2Fmedia&parent=388297"}],"wp:term":[{"taxonomy":"category","embeddable":true,"href":"https:\/\/analyse.optim.biz\/index.php?rest_route=%2Fwp%2Fv2%2Fcategories&post=388297"},{"taxonomy":"post_tag","embeddable":true,"href":"https:\/\/analyse.optim.biz\/index.php?rest_route=%2Fwp%2Fv2%2Ftags&post=388297"}],"curies":[{"name":"wp","href":"https:\/\/api.w.org\/{rel}","templated":true}]}}