{"id":388204,"date":"2013-12-18T15:20:00","date_gmt":"2013-12-18T12:20:00","guid":{"rendered":"https:\/\/analyse.optim.biz\/?p=388204"},"modified":"2013-12-18T15:20:00","modified_gmt":"2013-12-18T12:20:00","slug":"traian-basescu-a-promulgat-bugetul-de-stat","status":"publish","type":"post","link":"https:\/\/analyse.optim.biz\/?p=388204","title":{"rendered":"Traian B\u0103sescu a promulgat bugetul de stat"},"content":{"rendered":"<div class=\"description\" data-key=\"description\">Pre\u015fedintele Traian B\u0103sescu a declarat \u00een urm\u0103 cu pu\u021bin timp, la Palatul Cotroceni, c\u0103 a promulgat bugetul de stat.<\/div>\n<div class=\"articleBody\" data-key=\"articleBody\">Sunt convins c\u0103 acciza la carburant poate fi evitat\u0103 complet, a declarat \u0219eful statului, citat de Mediafax.<br \/>\nObiectivul meu nu a fost legat de o confruntare, ci de a evita o gre\u015feal\u0103. At\u00e2t Fondul, c\u00e2t \u015fi Banca European\u0103 au gre\u015fit. \u00cen acest sens, c\u00e2nd va veni delega\u0163ia FMI la Bucure\u015fti voi fi cel care \u00ee\u015fi asum\u0103 explicarea am\u00e2n\u0103rii acestei taxe, a mai spus Pre\u0219edintele.<\/p>\n<p>sursa: Mediafax<\/p><\/div>\n<p> Source URL: https:\/\/observatornews.ro\/politic\/traian-basescu-a-promulgat-bugetul-de-stat-114725.html<\/p>\n","protected":false},"excerpt":{"rendered":"<p>Pre\u015fedintele Traian B\u0103sescu a declarat \u00een urm\u0103 cu pu\u021bin timp, la Palatul Cotroceni, c\u0103 a promulgat bugetul de stat. Sunt convins c\u0103 acciza la carburant poate fi evitat\u0103 complet, a declarat \u0219eful statului, citat de Mediafax. Obiectivul meu nu a fost legat de o confruntare, ci de a evita o gre\u015feal\u0103. At\u00e2t Fondul, c\u00e2t \u015fi [&hellip;]<\/p>\n","protected":false},"author":1,"featured_media":0,"comment_status":"open","ping_status":"","sticky":false,"template":"","format":"standard","meta":{"footnotes":""},"categories":[2],"tags":[30],"class_list":["post-388204","post","type-post","status-publish","format-standard","hentry","category-politics","tag-observatornews-ro"],"_links":{"self":[{"href":"https:\/\/analyse.optim.biz\/index.php?rest_route=\/wp\/v2\/posts\/388204","targetHints":{"allow":["GET"]}}],"collection":[{"href":"https:\/\/analyse.optim.biz\/index.php?rest_route=\/wp\/v2\/posts"}],"about":[{"href":"https:\/\/analyse.optim.biz\/index.php?rest_route=\/wp\/v2\/types\/post"}],"author":[{"embeddable":true,"href":"https:\/\/analyse.optim.biz\/index.php?rest_route=\/wp\/v2\/users\/1"}],"replies":[{"embeddable":true,"href":"https:\/\/analyse.optim.biz\/index.php?rest_route=%2Fwp%2Fv2%2Fcomments&post=388204"}],"version-history":[{"count":0,"href":"https:\/\/analyse.optim.biz\/index.php?rest_route=\/wp\/v2\/posts\/388204\/revisions"}],"wp:attachment":[{"href":"https:\/\/analyse.optim.biz\/index.php?rest_route=%2Fwp%2Fv2%2Fmedia&parent=388204"}],"wp:term":[{"taxonomy":"category","embeddable":true,"href":"https:\/\/analyse.optim.biz\/index.php?rest_route=%2Fwp%2Fv2%2Fcategories&post=388204"},{"taxonomy":"post_tag","embeddable":true,"href":"https:\/\/analyse.optim.biz\/index.php?rest_route=%2Fwp%2Fv2%2Ftags&post=388204"}],"curies":[{"name":"wp","href":"https:\/\/api.w.org\/{rel}","templated":true}]}}