{"id":388202,"date":"2013-12-20T11:47:00","date_gmt":"2013-12-20T08:47:00","guid":{"rendered":"https:\/\/analyse.optim.biz\/?p=388202"},"modified":"2013-12-20T11:47:00","modified_gmt":"2013-12-20T08:47:00","slug":"stelian-tanase-noul-director-general-al-televiziunii-publice","status":"publish","type":"post","link":"https:\/\/analyse.optim.biz\/?p=388202","title":{"rendered":"Stelian T\u0103nase, noul director general al televiziunii publice"},"content":{"rendered":"<div class=\"description\" data-key=\"description\">Stelian T\u0103nase a fost numit de plenul reunit al Parlamentului \u00een func\u0163ia de pre\u015fedinte-director general interimar al televiziunii publice.<\/div>\n<div class=\"articleBody\" data-key=\"articleBody\">Numirea lui Stelian T\u0103nase a fost aprobat\u0103 cu 405 voturi pentru \u015fi doar dou\u0103 \u00eempotriv\u0103, informeaz\u0103 Mediafax.\u00a0<\/p>\n<p>Votul a fost secret, pe buletine, iar parlamentarii PDL s-au retras din sal\u0103 \u00eenaintea votului. Dup\u0103 terminarea votului, Stelian T\u0103nase a refuzat s\u0103 dea declara\u0163ii presei.\u00a0<br \/>\nInterimatul lui Stelian T\u0103nase la TVR va dura p\u00e2n\u0103 la numirea de c\u0103tre plenul celor dou\u0103 Camere a noului Consiliu de Administra\u0163ie \u015fi a pre\u015fedintelui consiliului de administra\u0163ie al sRTv.\u00a0<\/p>\n<p>Stelian T\u0103nase a fost avizat favorabil de Comisiile reunite de cultur\u0103 din Camera Deputa\u0163ilor \u015fi Senat, cu unanimitate de voturi (25 de voturi).\u00a0<br \/>\nStelian T\u0103nase, care este scriitor, politolog, regizor, realizator TV \u015fi scenarist, a fost propus pentru aceast\u0103 func\u0163ie de PNL dup\u0103 ce Claudiu S\u0103ftoiu, fostul pre\u015fedinte-director general al televiziunii publice a fost demis la 10 decembrie.\u00a0<\/p>\n<\/div>\n<p> Source URL: https:\/\/observatornews.ro\/politic\/stelian-tanase-noul-director-general-al-televiziunii-publice-114859.html<\/p>\n","protected":false},"excerpt":{"rendered":"<p>Stelian T\u0103nase a fost numit de plenul reunit al Parlamentului \u00een func\u0163ia de pre\u015fedinte-director general interimar al televiziunii publice. Numirea lui Stelian T\u0103nase a fost aprobat\u0103 cu 405 voturi pentru \u015fi doar dou\u0103 \u00eempotriv\u0103, informeaz\u0103 Mediafax.\u00a0 Votul a fost secret, pe buletine, iar parlamentarii PDL s-au retras din sal\u0103 \u00eenaintea votului. Dup\u0103 terminarea votului, Stelian [&hellip;]<\/p>\n","protected":false},"author":1,"featured_media":388203,"comment_status":"open","ping_status":"","sticky":false,"template":"","format":"standard","meta":{"footnotes":""},"categories":[2],"tags":[30],"class_list":["post-388202","post","type-post","status-publish","format-standard","has-post-thumbnail","hentry","category-politics","tag-observatornews-ro"],"_links":{"self":[{"href":"https:\/\/analyse.optim.biz\/index.php?rest_route=\/wp\/v2\/posts\/388202","targetHints":{"allow":["GET"]}}],"collection":[{"href":"https:\/\/analyse.optim.biz\/index.php?rest_route=\/wp\/v2\/posts"}],"about":[{"href":"https:\/\/analyse.optim.biz\/index.php?rest_route=\/wp\/v2\/types\/post"}],"author":[{"embeddable":true,"href":"https:\/\/analyse.optim.biz\/index.php?rest_route=\/wp\/v2\/users\/1"}],"replies":[{"embeddable":true,"href":"https:\/\/analyse.optim.biz\/index.php?rest_route=%2Fwp%2Fv2%2Fcomments&post=388202"}],"version-history":[{"count":0,"href":"https:\/\/analyse.optim.biz\/index.php?rest_route=\/wp\/v2\/posts\/388202\/revisions"}],"wp:featuredmedia":[{"embeddable":true,"href":"https:\/\/analyse.optim.biz\/index.php?rest_route=\/wp\/v2\/media\/388203"}],"wp:attachment":[{"href":"https:\/\/analyse.optim.biz\/index.php?rest_route=%2Fwp%2Fv2%2Fmedia&parent=388202"}],"wp:term":[{"taxonomy":"category","embeddable":true,"href":"https:\/\/analyse.optim.biz\/index.php?rest_route=%2Fwp%2Fv2%2Fcategories&post=388202"},{"taxonomy":"post_tag","embeddable":true,"href":"https:\/\/analyse.optim.biz\/index.php?rest_route=%2Fwp%2Fv2%2Ftags&post=388202"}],"curies":[{"name":"wp","href":"https:\/\/api.w.org\/{rel}","templated":true}]}}