{"id":388165,"date":"2014-01-07T12:15:00","date_gmt":"2014-01-07T09:15:00","guid":{"rendered":"https:\/\/analyse.optim.biz\/?p=388165"},"modified":"2014-01-07T12:15:00","modified_gmt":"2014-01-07T09:15:00","slug":"adrian-nastase-ar-putea-fi-liber-in-august-2014","status":"publish","type":"post","link":"https:\/\/analyse.optim.biz\/?p=388165","title":{"rendered":"Adrian N\u0103stase ar putea fi liber \u00een august 2014!"},"content":{"rendered":"<div class=\"description\" data-key=\"description\">Adrian N\u0103stase ar putea s\u0103 execute mai pu\u0163in de un an de \u00eenchisoare, dup\u0103 condamnarea la patru ani de \u00eenchisoare cu executare. El ar putea fi liber \u00een august!<\/div>\n<div class=\"articleBody\" data-key=\"articleBody\">Adrian N\u0103stase ar putea cere eliberarea condi\u0163ionat\u0103 dup\u0103 16 luni, din care i-ar putea fi sc\u0103zute cele opt luni de deten\u0163ie din dosarul &#8220;Trofeul calit\u0103\u0163ii&#8221;.\u00a0<br \/>\nAvoca\u0163ii lui N\u0103stase vor introduce la Tribunalul Bucure\u015fti o cerere de contopire a pedepselor primite de fostul premier \u00een dosarul Zambaccian (4 ani) \u015fi &#8220;Trofeul calit\u0103\u0163ii&#8221; (2 ani).\u00a0<br \/>\nS-ar lua pedeapsa mai mare \u00een calcul, adic\u0103 de 4 ani, iar dac\u0103 \u00een urma contopirii va fi de 48 de luni, N\u0103stase ar putea cere eliberarea condi\u0163ionat\u0103 dup\u0103 16 luni. El are dreptul s\u0103 cear\u0103 aceast\u0103 eliberare condi\u0163ionat\u0103 dup\u0103 isp\u0103\u015firea unei treimi din pedeaps\u0103, dat fiind faptul c\u0103 are peste 60 de ani, a precizat avocatul Viorel Ro\u015f pentru Mediafax.\u00a0<br \/>\nN\u0103stase a executat deja 8 luni de \u00eenchisoare din pedeapsa de doi ani din dosarul &#8220;Trofeul calit\u0103\u0163ii&#8221;, astfel c\u0103 poate cere eliberarea condi\u0163ionat\u0103 dup\u0103 ce va isp\u0103\u015fi 8 luni de deten\u0163ie din condamnarea de 4 ani!\u00a0<\/p>\n<\/div>\n<p> Source URL: https:\/\/observatornews.ro\/politic\/adrian-nastase-ar-putea-fi-liber-in-august-2014-116003.html<\/p>\n","protected":false},"excerpt":{"rendered":"<p>Adrian N\u0103stase ar putea s\u0103 execute mai pu\u0163in de un an de \u00eenchisoare, dup\u0103 condamnarea la patru ani de \u00eenchisoare cu executare. El ar putea fi liber \u00een august! Adrian N\u0103stase ar putea cere eliberarea condi\u0163ionat\u0103 dup\u0103 16 luni, din care i-ar putea fi sc\u0103zute cele opt luni de deten\u0163ie din dosarul &#8220;Trofeul calit\u0103\u0163ii&#8221;.\u00a0 Avoca\u0163ii [&hellip;]<\/p>\n","protected":false},"author":1,"featured_media":0,"comment_status":"open","ping_status":"","sticky":false,"template":"","format":"standard","meta":{"footnotes":""},"categories":[2],"tags":[30],"class_list":["post-388165","post","type-post","status-publish","format-standard","hentry","category-politics","tag-observatornews-ro"],"_links":{"self":[{"href":"https:\/\/analyse.optim.biz\/index.php?rest_route=\/wp\/v2\/posts\/388165","targetHints":{"allow":["GET"]}}],"collection":[{"href":"https:\/\/analyse.optim.biz\/index.php?rest_route=\/wp\/v2\/posts"}],"about":[{"href":"https:\/\/analyse.optim.biz\/index.php?rest_route=\/wp\/v2\/types\/post"}],"author":[{"embeddable":true,"href":"https:\/\/analyse.optim.biz\/index.php?rest_route=\/wp\/v2\/users\/1"}],"replies":[{"embeddable":true,"href":"https:\/\/analyse.optim.biz\/index.php?rest_route=%2Fwp%2Fv2%2Fcomments&post=388165"}],"version-history":[{"count":0,"href":"https:\/\/analyse.optim.biz\/index.php?rest_route=\/wp\/v2\/posts\/388165\/revisions"}],"wp:attachment":[{"href":"https:\/\/analyse.optim.biz\/index.php?rest_route=%2Fwp%2Fv2%2Fmedia&parent=388165"}],"wp:term":[{"taxonomy":"category","embeddable":true,"href":"https:\/\/analyse.optim.biz\/index.php?rest_route=%2Fwp%2Fv2%2Fcategories&post=388165"},{"taxonomy":"post_tag","embeddable":true,"href":"https:\/\/analyse.optim.biz\/index.php?rest_route=%2Fwp%2Fv2%2Ftags&post=388165"}],"curies":[{"name":"wp","href":"https:\/\/api.w.org\/{rel}","templated":true}]}}