{"id":388105,"date":"2014-02-07T14:22:58","date_gmt":"2014-02-07T11:22:58","guid":{"rendered":"https:\/\/analyse.optim.biz\/?p=388105"},"modified":"2014-02-07T14:22:58","modified_gmt":"2014-02-07T11:22:58","slug":"primarul-orasului-sibiu-klaus-johannis-a-acceptat-nominalizarea-si-va-fi-si-viceprim-ministru","status":"publish","type":"post","link":"https:\/\/analyse.optim.biz\/?p=388105","title":{"rendered":"Primarul ora\u015fului Sibiu, Klaus Johannis, a acceptat nominalizarea \u015fi va fi \u015fi viceprim-ministru"},"content":{"rendered":"<div class=\"description\" data-key=\"description\">Un neam\u0163 \u00een Guvernul Rom\u00e2niei. Asta propune Crin Antonescu, pentru portofoliul de la Interne. Primarul ora\u015fului Sibiu, Klaus Johannis, a acceptat nominalizarea \u015fi va fi \u015fi viceprim-ministru. Noi mini\u015ftri vor fi \u015fi la Finan\u0163e, Economie \u015fi S\u0103n\u0103tate.<\/div>\n<div class=\"articleBody\" data-key=\"articleBody\">\u00a0Andrei Gerea, actualul ministrul al Economiei nu a vrut s\u0103 plece din fruntea ministerului a\u015fa cum i-au solicitat \u015fefii de partid. Prin urmare el a fost propus votului Biroului Politic Na\u0163ional \u015fi i-a fost retras sprijinul politic.<br \/>\n\u00cen ceea ce \u00eei prive\u015fte pe ceilal\u0163i care au fost schimba\u0163i \u00een Guvern, Vicepremierul \u015fi ministrul Finan\u0163elor, Daniel Chi\u0163oiu a anun\u0163at \u00eenc\u0103 de asear\u0103 c\u0103 demisioneaz\u0103 pentru a se dedica muncii de partid \u015fi a devenit Secretar General Interimar al partidului.<br \/>\nMinistrul S\u0103n\u0103ta\u0163ii, Eugen Nicolaescu este transferat de la Ministerul S\u0103n\u0103t\u0103\u0163ii la Ministerul Finan\u0163elor Publice iar Klaus Johanis a acceptat s\u0103 predea func\u0163ia de Primar al ora\u015fului Sibiu pentru func\u0163ia de ministru al Afacerilor Interne \u015fi Vicepremier \u00een Guvernul Rom\u00e2niei iar Andrei Gerea a fost \u00eenlocuit de Teodor Atanasiu.<\/div>\n<p> Source URL: https:\/\/observatornews.ro\/politic\/primarul-orasului-sibiu-klaus-johannis-a-acceptat-nominalizarea-si-va-fi-si-viceprimministru-118417.html<\/p>\n","protected":false},"excerpt":{"rendered":"<p>Un neam\u0163 \u00een Guvernul Rom\u00e2niei. Asta propune Crin Antonescu, pentru portofoliul de la Interne. Primarul ora\u015fului Sibiu, Klaus Johannis, a acceptat nominalizarea \u015fi va fi \u015fi viceprim-ministru. Noi mini\u015ftri vor fi \u015fi la Finan\u0163e, Economie \u015fi S\u0103n\u0103tate. \u00a0Andrei Gerea, actualul ministrul al Economiei nu a vrut s\u0103 plece din fruntea ministerului a\u015fa cum i-au solicitat [&hellip;]<\/p>\n","protected":false},"author":1,"featured_media":0,"comment_status":"open","ping_status":"","sticky":false,"template":"","format":"standard","meta":{"footnotes":""},"categories":[2],"tags":[30],"class_list":["post-388105","post","type-post","status-publish","format-standard","hentry","category-politics","tag-observatornews-ro"],"_links":{"self":[{"href":"https:\/\/analyse.optim.biz\/index.php?rest_route=\/wp\/v2\/posts\/388105","targetHints":{"allow":["GET"]}}],"collection":[{"href":"https:\/\/analyse.optim.biz\/index.php?rest_route=\/wp\/v2\/posts"}],"about":[{"href":"https:\/\/analyse.optim.biz\/index.php?rest_route=\/wp\/v2\/types\/post"}],"author":[{"embeddable":true,"href":"https:\/\/analyse.optim.biz\/index.php?rest_route=\/wp\/v2\/users\/1"}],"replies":[{"embeddable":true,"href":"https:\/\/analyse.optim.biz\/index.php?rest_route=%2Fwp%2Fv2%2Fcomments&post=388105"}],"version-history":[{"count":0,"href":"https:\/\/analyse.optim.biz\/index.php?rest_route=\/wp\/v2\/posts\/388105\/revisions"}],"wp:attachment":[{"href":"https:\/\/analyse.optim.biz\/index.php?rest_route=%2Fwp%2Fv2%2Fmedia&parent=388105"}],"wp:term":[{"taxonomy":"category","embeddable":true,"href":"https:\/\/analyse.optim.biz\/index.php?rest_route=%2Fwp%2Fv2%2Fcategories&post=388105"},{"taxonomy":"post_tag","embeddable":true,"href":"https:\/\/analyse.optim.biz\/index.php?rest_route=%2Fwp%2Fv2%2Ftags&post=388105"}],"curies":[{"name":"wp","href":"https:\/\/api.w.org\/{rel}","templated":true}]}}