{"id":388035,"date":"2014-02-19T10:12:00","date_gmt":"2014-02-19T07:12:00","guid":{"rendered":"https:\/\/analyse.optim.biz\/?p=388035"},"modified":"2014-02-19T10:12:00","modified_gmt":"2014-02-19T07:12:00","slug":"usd-nu-se-rupe-antonescu-chemat-de-ponta-la-guvern","status":"publish","type":"post","link":"https:\/\/analyse.optim.biz\/?p=388035","title":{"rendered":"USD nu se rupe. Antonescu, chemat de Ponta la Guvern"},"content":{"rendered":"<div class=\"description\" data-key=\"description\">Dup\u0103 ce lideul PNL, Crin Antonescu a cerut de urgen\u0163\u0103, desfiin\u0163area alian\u0163e dintre UNPR, PC \u015fi PSD, liderii USD au transmis c\u0103 Uniunea Social Democrat\u0103 nu \u00eencalc\u0103 protocolul USL \u015fi s-a format ca alian\u0163\u0103 pentru alegerile europarlamentare plus c\u0103 \u00eenc\u0103 de la \u00eenfiin\u0163are, liberalii au fost de acord cu acest lucru.<\/div>\n<div class=\"articleBody\" data-key=\"articleBody\">\u00a0\u00cen urma ne\u00een\u0163elegerilor din ultimul timp din USL premierul Victor Ponta s-a \u00eent\u00e2lnit ast\u0103zi la Guvern cu pre\u015fedintele Senatului \u015fi, totodat\u0103, \u015feful PNL, Crin Antonescu, potrivit Antena 3. Se pare c\u0103 discu\u0163iile au fost legate de situa\u0163ia din USL.<\/p>\n<p>Cel mai probabil cei doi au discutat despre mini\u015ftri interimari \u015fi demisiile celor patru mini\u015ftri.<br \/>\nTot ast\u0103zi purt\u0103torul de cuv\u00e2nt al PNL. Cristina Pocora a precizat c\u0103 BPN al partidului a stabilit ca ast\u0103zi, Daniel Chi\u0163oiu \u015fi Andrei Gerea s\u0103 \u00ee\u015fi depun\u0103 &#8220;\u00een mod formal&#8221; demisiile din Guvern, \u00een contextul \u00een care premierul Ponta spunea luni c\u0103 demisiile au fost depuse la cabinetul s\u0103u, dar nu au fost \u00eenregistrate la Guvern.<\/p>\n<p>surs\u0103: Antena 3<\/p><\/div>\n<p> Source URL: https:\/\/observatornews.ro\/politic\/usd-nu-se-rupe-antonescu-chemat-de-ponta-la-guvern-119400.html<\/p>\n","protected":false},"excerpt":{"rendered":"<p>Dup\u0103 ce lideul PNL, Crin Antonescu a cerut de urgen\u0163\u0103, desfiin\u0163area alian\u0163e dintre UNPR, PC \u015fi PSD, liderii USD au transmis c\u0103 Uniunea Social Democrat\u0103 nu \u00eencalc\u0103 protocolul USL \u015fi s-a format ca alian\u0163\u0103 pentru alegerile europarlamentare plus c\u0103 \u00eenc\u0103 de la \u00eenfiin\u0163are, liberalii au fost de acord cu acest lucru. \u00a0\u00cen urma ne\u00een\u0163elegerilor din [&hellip;]<\/p>\n","protected":false},"author":1,"featured_media":0,"comment_status":"open","ping_status":"","sticky":false,"template":"","format":"standard","meta":{"footnotes":""},"categories":[2],"tags":[30],"class_list":["post-388035","post","type-post","status-publish","format-standard","hentry","category-politics","tag-observatornews-ro"],"_links":{"self":[{"href":"https:\/\/analyse.optim.biz\/index.php?rest_route=\/wp\/v2\/posts\/388035","targetHints":{"allow":["GET"]}}],"collection":[{"href":"https:\/\/analyse.optim.biz\/index.php?rest_route=\/wp\/v2\/posts"}],"about":[{"href":"https:\/\/analyse.optim.biz\/index.php?rest_route=\/wp\/v2\/types\/post"}],"author":[{"embeddable":true,"href":"https:\/\/analyse.optim.biz\/index.php?rest_route=\/wp\/v2\/users\/1"}],"replies":[{"embeddable":true,"href":"https:\/\/analyse.optim.biz\/index.php?rest_route=%2Fwp%2Fv2%2Fcomments&post=388035"}],"version-history":[{"count":0,"href":"https:\/\/analyse.optim.biz\/index.php?rest_route=\/wp\/v2\/posts\/388035\/revisions"}],"wp:attachment":[{"href":"https:\/\/analyse.optim.biz\/index.php?rest_route=%2Fwp%2Fv2%2Fmedia&parent=388035"}],"wp:term":[{"taxonomy":"category","embeddable":true,"href":"https:\/\/analyse.optim.biz\/index.php?rest_route=%2Fwp%2Fv2%2Fcategories&post=388035"},{"taxonomy":"post_tag","embeddable":true,"href":"https:\/\/analyse.optim.biz\/index.php?rest_route=%2Fwp%2Fv2%2Ftags&post=388035"}],"curies":[{"name":"wp","href":"https:\/\/api.w.org\/{rel}","templated":true}]}}