{"id":387868,"date":"2014-03-01T16:27:00","date_gmt":"2014-03-01T13:27:00","guid":{"rendered":"https:\/\/analyse.optim.biz\/?p=387868"},"modified":"2014-03-01T16:27:00","modified_gmt":"2014-03-01T13:27:00","slug":"update-basescu-convoaca-o-sedinta-de-lucru-cu-structurile-de-securitate","status":"publish","type":"post","link":"https:\/\/analyse.optim.biz\/?p=387868","title":{"rendered":"UPDATE! B\u0103sescu convoac\u0103 o \u015fedin\u0163\u0103 de lucru cu structurile de securitate"},"content":{"rendered":"<div class=\"description\" data-key=\"description\">Pre\u015fedintele Traian B\u0103sescu a convocat, pentru ora 19.00, \u00eentr-o \u015fedin\u0163\u0103 de lucru, structurile de securitate na\u0163ional\u0103, \u00een vederea discut\u0103rii situa\u0163iei din Crimeea<\/div>\n<div class=\"articleBody\" data-key=\"articleBody\">UPDATE 21:40 Rom\u00e2nia nu este afectat\u0103 direct de situa\u0163ia din Ucraina, nu exist\u0103 riscuri imediate la adresa securit\u0103\u0163ii na\u0163ionale \u015fi nu a ridicat gradul de alert\u0103 al structurilor de securitate na\u0163ional\u0103, potrivit concluziilor \u015fedin\u0163ei de lucru convocat\u0103, s\u00e2mb\u0103t\u0103 sear\u0103, la Cotroceni, de c\u0103tre \u015feful statului.<br \/>\n&#8220;Rom\u00e2nia nu este afectat\u0103 direct de situa\u0163ia din Ucraina \u015fi nu exist\u0103 riscuri imediate la adresa securit\u0103\u0163ii na\u0163ionale a \u0163\u0103rii; Rom\u00e2nia nu a ridicat gradul de alert\u0103 al structurilor de securitate na\u0163ional\u0103; Rom\u00e2nia va continua s\u0103 fie activ\u0103 \u00een rela\u0163iile cu alia\u0163ii s\u0103i \u00een discu\u0163iile privind evenimentele din Ucraina; pre\u015fedintele Rom\u00e2niei, domnul Traian B\u0103sescu, a mandatat reprezentan\u0163ii statului rom\u00e2n s\u0103 prezinte pozi\u0163ia de principiu a Rom\u00e2niei \u00een dezbaterile ce urmeaz\u0103 pe aceast\u0103 tem\u0103 \u00een structurile Organiza\u0163iei Tratatului Atlanticului de Nord (NATO) \u015fi ale Uniunii Europene (UE); Rom\u00e2nia va monitoriza, \u00een continuare, cu maxim\u0103 aten\u0163ie, at\u00e2t situa\u0163ia din Ucraina, c\u00e2t \u015fi evolu\u0163iile separatiste din Republica Moldova&#8221;, se arat\u0103 \u00een concluziile \u015fedin\u0163ei, citate \u00eentr-un comunicat al Pre\u015fedin\u0163iei remis dup\u0103 \u00eent\u00e2lnirea de la Cotroceni.<br \/>\n&#8220;Pre\u015fedintele Rom\u00e2niei, domnul Traian B\u0103sescu, a convocat s\u00e2mb\u0103t\u0103, 1 martie a.c., la ora 19.00, \u00eentr-o \u015fedin\u0163\u0103 de lucru, structurile de securitate na\u0163ional\u0103, \u00een vederea discut\u0103rii situa\u0163iei din Crimeea. Men\u0163ion\u0103m c\u0103 aceast\u0103 \u015fedin\u0163\u0103 este una de lucru \u015fi nu una a Consiliului Suprem de Ap\u0103rare a \u0162\u0103rii&#8221;, informeaz\u0103 Pre\u015fedin\u0163ia.<br \/>\n&#8220;Pre\u015fedintele Rom\u00e2niei, domnul Traian B\u0103sescu, urm\u0103re\u015fte cu deosebit\u0103 aten\u0163ie evenimentele \u00een derulare \u00een Peninsula Crimeea, dar \u015fi din regiunea Harkov, Donetsk \u015fi Odesa. Apari\u0163ia unor grup\u0103ri civile dar \u015fi a unor forma\u0163iuni militare nerevendicate care au ocupat cl\u0103dirile autorit\u0103\u0163ilor legitime \u015fi semnalele repetate ale unor tendin\u0163e separatiste amenin\u0163\u0103 stabilitatea Ucrainei, suveranitatea, integritatea sa teritorial\u0103 \u015fi securitatea regional\u0103. Rom\u00e2nia este preocupat\u0103 de respectarea deplin\u0103 a statalit\u0103\u0163ii, suveranit\u0103\u0163ii, independen\u0163ei \u015fi integrit\u0103\u0163ii teritoriale a Ucrainei \u00een frontierele recunoscute interna\u0163ional. Pre\u015fedintele Rom\u00e2niei, domnul Traian B\u0103sescu, solicit\u0103 ca mi\u015fc\u0103rile de trupe din Peninsula Crimeea s\u0103 respecte strict prevederile Acordului de la Budapesta din 1994 privind garantarea suveranit\u0103\u0163ii \u015fi a integrit\u0103\u0163ii teritoriale a Ucrainei \u015fi s\u0103 se \u00eenscrie \u00een limitele documentelor biletarale privind sta\u0163ionarea trupelor ruse \u00een Peninsula Crimeea, \u00een baza Acordurilor de la Harkov \u015fi a tuturor elementelor notificate ulterior de c\u0103tre autorit\u0103\u0163ile ucrainene&#8221;, se arat\u0103 \u00een mesaj.<\/div>\n<p> Source URL: https:\/\/observatornews.ro\/politic\/basescu-convoaca-o-sedinta-de-lucru-cu-structurile-de-securitate-120381.html<\/p>\n","protected":false},"excerpt":{"rendered":"<p>Pre\u015fedintele Traian B\u0103sescu a convocat, pentru ora 19.00, \u00eentr-o \u015fedin\u0163\u0103 de lucru, structurile de securitate na\u0163ional\u0103, \u00een vederea discut\u0103rii situa\u0163iei din Crimeea UPDATE 21:40 Rom\u00e2nia nu este afectat\u0103 direct de situa\u0163ia din Ucraina, nu exist\u0103 riscuri imediate la adresa securit\u0103\u0163ii na\u0163ionale \u015fi nu a ridicat gradul de alert\u0103 al structurilor de securitate na\u0163ional\u0103, potrivit concluziilor [&hellip;]<\/p>\n","protected":false},"author":1,"featured_media":0,"comment_status":"open","ping_status":"","sticky":false,"template":"","format":"standard","meta":{"footnotes":""},"categories":[2],"tags":[30],"class_list":["post-387868","post","type-post","status-publish","format-standard","hentry","category-politics","tag-observatornews-ro"],"_links":{"self":[{"href":"https:\/\/analyse.optim.biz\/index.php?rest_route=\/wp\/v2\/posts\/387868","targetHints":{"allow":["GET"]}}],"collection":[{"href":"https:\/\/analyse.optim.biz\/index.php?rest_route=\/wp\/v2\/posts"}],"about":[{"href":"https:\/\/analyse.optim.biz\/index.php?rest_route=\/wp\/v2\/types\/post"}],"author":[{"embeddable":true,"href":"https:\/\/analyse.optim.biz\/index.php?rest_route=\/wp\/v2\/users\/1"}],"replies":[{"embeddable":true,"href":"https:\/\/analyse.optim.biz\/index.php?rest_route=%2Fwp%2Fv2%2Fcomments&post=387868"}],"version-history":[{"count":0,"href":"https:\/\/analyse.optim.biz\/index.php?rest_route=\/wp\/v2\/posts\/387868\/revisions"}],"wp:attachment":[{"href":"https:\/\/analyse.optim.biz\/index.php?rest_route=%2Fwp%2Fv2%2Fmedia&parent=387868"}],"wp:term":[{"taxonomy":"category","embeddable":true,"href":"https:\/\/analyse.optim.biz\/index.php?rest_route=%2Fwp%2Fv2%2Fcategories&post=387868"},{"taxonomy":"post_tag","embeddable":true,"href":"https:\/\/analyse.optim.biz\/index.php?rest_route=%2Fwp%2Fv2%2Ftags&post=387868"}],"curies":[{"name":"wp","href":"https:\/\/api.w.org\/{rel}","templated":true}]}}