{"id":387783,"date":"2014-03-04T19:05:00","date_gmt":"2014-03-04T16:05:00","guid":{"rendered":"https:\/\/analyse.optim.biz\/?p=387783"},"modified":"2014-03-04T19:05:00","modified_gmt":"2014-03-04T16:05:00","slug":"ponta-s-a-intalnit-cu-basescu-la-cotorceni","status":"publish","type":"post","link":"https:\/\/analyse.optim.biz\/?p=387783","title":{"rendered":"Ponta s-a \u00eent\u00e2lnit cu B\u0103sescu la Cotorceni"},"content":{"rendered":"<div class=\"description\" data-key=\"description\">Premierul Victor Ponta a mers, miercuri, la Palatul Cotroceni, pentru discu\u0163ii cu pre\u015fedintele Traian B\u0103sescu.<\/div>\n<div class=\"articleBody\" data-key=\"articleBody\">UPDATE:\u00a0 Pre\u015fedintele Traian B\u0103sescu a declarat, mar\u0163i sear\u0103, dup\u0103 ce premierul Victor Ponta a anun\u0163at c\u0103 s-a \u00eent\u00e2lnit cu acesta, c\u0103 va respecta deciziile anterioare ale Curtii Constitu\u0163ionale \u015fi c\u0103 va numi mini\u015ftrii noului Guvern c\u00e2nd condi\u0163iile vor fi \u00eendeplinite.<br \/>\nPremierul Victor Ponta, a declarant c\u0103 \u00ee\u015fi dore\u015fte ca noul Guvern s\u0103 \u00ee\u015fi \u00eenceap\u0103 activitatea chiar de miercuri, a\u015fa c\u0103 \u00eel va contacta \u00een acest sens pe pre\u015fedintele Traian B\u0103sescu.<br \/>\nDe asemenea el a spus c\u0103 este dispus ca \u00een \u015fedin\u0163a de miercuri a Guvernului s\u0103 adopte m\u0103suri pentru a evita orice confuzii legate de programul de guvernare.\u00a0<\/p>\n<p>surs\u0103: Antena 3<\/p><\/div>\n<p> Source URL: https:\/\/observatornews.ro\/politic\/ponta-sa-intalnit-cu-basescu-la-cotorceni-120613.html<\/p>\n","protected":false},"excerpt":{"rendered":"<p>Premierul Victor Ponta a mers, miercuri, la Palatul Cotroceni, pentru discu\u0163ii cu pre\u015fedintele Traian B\u0103sescu. UPDATE:\u00a0 Pre\u015fedintele Traian B\u0103sescu a declarat, mar\u0163i sear\u0103, dup\u0103 ce premierul Victor Ponta a anun\u0163at c\u0103 s-a \u00eent\u00e2lnit cu acesta, c\u0103 va respecta deciziile anterioare ale Curtii Constitu\u0163ionale \u015fi c\u0103 va numi mini\u015ftrii noului Guvern c\u00e2nd condi\u0163iile vor fi \u00eendeplinite. [&hellip;]<\/p>\n","protected":false},"author":1,"featured_media":387784,"comment_status":"open","ping_status":"","sticky":false,"template":"","format":"standard","meta":{"footnotes":""},"categories":[2],"tags":[30],"class_list":["post-387783","post","type-post","status-publish","format-standard","has-post-thumbnail","hentry","category-politics","tag-observatornews-ro"],"_links":{"self":[{"href":"https:\/\/analyse.optim.biz\/index.php?rest_route=\/wp\/v2\/posts\/387783","targetHints":{"allow":["GET"]}}],"collection":[{"href":"https:\/\/analyse.optim.biz\/index.php?rest_route=\/wp\/v2\/posts"}],"about":[{"href":"https:\/\/analyse.optim.biz\/index.php?rest_route=\/wp\/v2\/types\/post"}],"author":[{"embeddable":true,"href":"https:\/\/analyse.optim.biz\/index.php?rest_route=\/wp\/v2\/users\/1"}],"replies":[{"embeddable":true,"href":"https:\/\/analyse.optim.biz\/index.php?rest_route=%2Fwp%2Fv2%2Fcomments&post=387783"}],"version-history":[{"count":0,"href":"https:\/\/analyse.optim.biz\/index.php?rest_route=\/wp\/v2\/posts\/387783\/revisions"}],"wp:featuredmedia":[{"embeddable":true,"href":"https:\/\/analyse.optim.biz\/index.php?rest_route=\/wp\/v2\/media\/387784"}],"wp:attachment":[{"href":"https:\/\/analyse.optim.biz\/index.php?rest_route=%2Fwp%2Fv2%2Fmedia&parent=387783"}],"wp:term":[{"taxonomy":"category","embeddable":true,"href":"https:\/\/analyse.optim.biz\/index.php?rest_route=%2Fwp%2Fv2%2Fcategories&post=387783"},{"taxonomy":"post_tag","embeddable":true,"href":"https:\/\/analyse.optim.biz\/index.php?rest_route=%2Fwp%2Fv2%2Ftags&post=387783"}],"curies":[{"name":"wp","href":"https:\/\/api.w.org\/{rel}","templated":true}]}}