{"id":387705,"date":"2014-03-10T17:43:27","date_gmt":"2014-03-10T14:43:27","guid":{"rendered":"https:\/\/analyse.optim.biz\/?p=387705"},"modified":"2014-03-10T17:43:27","modified_gmt":"2014-03-10T14:43:27","slug":"senatul-de-la-crin-la-calin","status":"publish","type":"post","link":"https:\/\/analyse.optim.biz\/?p=387705","title":{"rendered":"Senatul, de la Crin, la C\u0103lin"},"content":{"rendered":"<div class=\"description\" data-key=\"description\">Primul \u015fi-a f\u0103cut bagajele. Dou\u0103 saco\u015fe din plastic i-au fost suficiente lui Crin Antonescu s\u0103-\u015fi ia lucrurile pe care le avea \u00een biroul de \u015fef al Senatului.<\/div>\n<div class=\"articleBody\" data-key=\"articleBody\">A mai luat cu el computerul personal \u015fi o imprimant\u0103 pe care le-a dus la grupul PNL. Al doilea, C\u0103lin Popescu T\u0103riceanu se preg\u0103te\u015fte de instalare.\u00a0<br \/>\nCrin Antonescu nu a mai vrut s\u0103 r\u0103m\u00een\u0103 nicio secund\u0103 \u00een plus \u00een fostul s\u0103u birou de la Senat. Oricum, de multe ori anun\u0163ase c\u0103 nu \u0163ine cu din\u0163ii de func\u0163ie.<br \/>\nA\u015fa c\u0103 \u00eenc\u0103 de diminea\u0163\u0103, de c\u00e2nd primii angaja\u0163i veni\u0163i la serviciu au deschis u\u015fa biroului, i-au g\u0103sit lucrurile str\u00e2nse, gata s\u0103 fie luate. De altfel nici nu erau multe. C\u00e2teva h\u00e2rtii \u015fi m\u0103run\u0163i\u015furi care au \u00eenc\u0103put \u00een dou\u0103 pungi, computerul personal \u015fi o imprimant\u0103. Crin Antonescu nu a mai trecut pe la fostul birou dar s-a adresat din nou colegilor de la tribuna Senatului.<br \/>\nC\u00eeteva zeci de minute mai t\u00eerziu, cu votul a 93 de senatori, C\u0103lin Popescu T\u0103riceanu a fost ales noul pre\u015fedintele Senatului \u015fi s-a a\u015fezat \u00een fotoliul l\u0103sat liber de Crin Antonescu.\n<\/div>\n<p> Source URL: https:\/\/observatornews.ro\/politic\/senatul-de-la-crin-la-calin-121110.html<\/p>\n","protected":false},"excerpt":{"rendered":"<p>Primul \u015fi-a f\u0103cut bagajele. Dou\u0103 saco\u015fe din plastic i-au fost suficiente lui Crin Antonescu s\u0103-\u015fi ia lucrurile pe care le avea \u00een biroul de \u015fef al Senatului. A mai luat cu el computerul personal \u015fi o imprimant\u0103 pe care le-a dus la grupul PNL. Al doilea, C\u0103lin Popescu T\u0103riceanu se preg\u0103te\u015fte de instalare.\u00a0 Crin Antonescu [&hellip;]<\/p>\n","protected":false},"author":1,"featured_media":387706,"comment_status":"open","ping_status":"","sticky":false,"template":"","format":"standard","meta":{"footnotes":""},"categories":[2],"tags":[30],"class_list":["post-387705","post","type-post","status-publish","format-standard","has-post-thumbnail","hentry","category-politics","tag-observatornews-ro"],"_links":{"self":[{"href":"https:\/\/analyse.optim.biz\/index.php?rest_route=\/wp\/v2\/posts\/387705","targetHints":{"allow":["GET"]}}],"collection":[{"href":"https:\/\/analyse.optim.biz\/index.php?rest_route=\/wp\/v2\/posts"}],"about":[{"href":"https:\/\/analyse.optim.biz\/index.php?rest_route=\/wp\/v2\/types\/post"}],"author":[{"embeddable":true,"href":"https:\/\/analyse.optim.biz\/index.php?rest_route=\/wp\/v2\/users\/1"}],"replies":[{"embeddable":true,"href":"https:\/\/analyse.optim.biz\/index.php?rest_route=%2Fwp%2Fv2%2Fcomments&post=387705"}],"version-history":[{"count":0,"href":"https:\/\/analyse.optim.biz\/index.php?rest_route=\/wp\/v2\/posts\/387705\/revisions"}],"wp:featuredmedia":[{"embeddable":true,"href":"https:\/\/analyse.optim.biz\/index.php?rest_route=\/wp\/v2\/media\/387706"}],"wp:attachment":[{"href":"https:\/\/analyse.optim.biz\/index.php?rest_route=%2Fwp%2Fv2%2Fmedia&parent=387705"}],"wp:term":[{"taxonomy":"category","embeddable":true,"href":"https:\/\/analyse.optim.biz\/index.php?rest_route=%2Fwp%2Fv2%2Fcategories&post=387705"},{"taxonomy":"post_tag","embeddable":true,"href":"https:\/\/analyse.optim.biz\/index.php?rest_route=%2Fwp%2Fv2%2Ftags&post=387705"}],"curies":[{"name":"wp","href":"https:\/\/api.w.org\/{rel}","templated":true}]}}