{"id":387649,"date":"2014-03-22T13:13:00","date_gmt":"2014-03-22T10:13:00","guid":{"rendered":"https:\/\/analyse.optim.biz\/?p=387649"},"modified":"2014-03-22T13:13:00","modified_gmt":"2014-03-22T10:13:00","slug":"basescu-putin-se-uita-cu-cel-mai-mare-jind-la-gurile-dunarii","status":"publish","type":"post","link":"https:\/\/analyse.optim.biz\/?p=387649","title":{"rendered":"B\u0103sescu: &#8220;Putin se uit\u0103 cu cel mai mare jind la gurile Dun\u0103rii&#8221;"},"content":{"rendered":"<div class=\"description\" data-key=\"description\">Pre\u015fedintele Traian B\u0103sescu a declarat c\u0103 el crede c\u0103 pre\u015fedintele Federa\u0163iei Ruse, Vladimir Putin, &#8220;se uit\u0103 cu cel mai mare jind la gurile Dun\u0103rii&#8221;<\/div>\n<div class=\"articleBody\" data-key=\"articleBody\">Traian B\u0103sescu a ar\u0103tat c\u0103 exist\u0103 o \u00eengrjorare profund\u0103, pentru c\u0103, dup\u0103 1968, este prima dat\u0103 c\u00e2nd \u00een Europa se petrece invadarea \u015fi anexarea teritoriului unui stat la alt stat, prin amenin\u0163area for\u0163ei. Potrivit \u015fefului statului, nimeni, \u00een momentul de fa\u0163\u0103, nu exclude &#8220;pa\u015fi urm\u0103tori&#8221;, care s\u0103 vizeze Transnistria, Republica Moldova, estul Ucrainei sau Odesa.<br \/>\n&#8220;Dac\u0103 m\u0103 \u00eentreba\u0163i pe mine, \u015fi asta am sus\u0163inut \u00een discu\u0163ii la Bruxelles, Federa\u0163ia Rus\u0103 nu va invada estul Ucrainei, dar \u00eel va controla prin oamenii numi\u0163i \u00een administra\u0163ie, pentru c\u0103 nu au niciun rost s\u0103 rup\u0103 Ucraina&#8221;, a spus B\u0103sescu, conform Mediafax.<br \/>\n&#8220;Cred c\u0103 Putin, dac\u0103 privim \u00een istoria Federa\u0163iei Ruse \u015fi \u00een istoria Imperiului rus, se uit\u0103 cu jind la gurile Dun\u0103rii. Cred c\u0103 Transnistria, Odesa \u015fi c\u0103tre gurile Dun\u0103rii, c\u0103tre aceast\u0103 zon\u0103, nu \u015ftiu dac\u0103 se va \u00eent\u00e2mpla, dar mi-am f\u0103cut datoria s\u0103 avertizez alia\u0163ii no\u015ftri, sper s\u0103 nu se \u00eent\u00e2mple, dar, \u00een mod categoric, aceste riscuri exist\u0103&#8221;.\n<\/div>\n<p> Source URL: https:\/\/observatornews.ro\/politic\/basescu-putin-se-uita-cu-cel-mai-mare-jind-la-gurile-dunarii-122048.html<\/p>\n","protected":false},"excerpt":{"rendered":"<p>Pre\u015fedintele Traian B\u0103sescu a declarat c\u0103 el crede c\u0103 pre\u015fedintele Federa\u0163iei Ruse, Vladimir Putin, &#8220;se uit\u0103 cu cel mai mare jind la gurile Dun\u0103rii&#8221; Traian B\u0103sescu a ar\u0103tat c\u0103 exist\u0103 o \u00eengrjorare profund\u0103, pentru c\u0103, dup\u0103 1968, este prima dat\u0103 c\u00e2nd \u00een Europa se petrece invadarea \u015fi anexarea teritoriului unui stat la alt stat, prin [&hellip;]<\/p>\n","protected":false},"author":1,"featured_media":0,"comment_status":"open","ping_status":"","sticky":false,"template":"","format":"standard","meta":{"footnotes":""},"categories":[2],"tags":[30],"class_list":["post-387649","post","type-post","status-publish","format-standard","hentry","category-politics","tag-observatornews-ro"],"_links":{"self":[{"href":"https:\/\/analyse.optim.biz\/index.php?rest_route=\/wp\/v2\/posts\/387649","targetHints":{"allow":["GET"]}}],"collection":[{"href":"https:\/\/analyse.optim.biz\/index.php?rest_route=\/wp\/v2\/posts"}],"about":[{"href":"https:\/\/analyse.optim.biz\/index.php?rest_route=\/wp\/v2\/types\/post"}],"author":[{"embeddable":true,"href":"https:\/\/analyse.optim.biz\/index.php?rest_route=\/wp\/v2\/users\/1"}],"replies":[{"embeddable":true,"href":"https:\/\/analyse.optim.biz\/index.php?rest_route=%2Fwp%2Fv2%2Fcomments&post=387649"}],"version-history":[{"count":0,"href":"https:\/\/analyse.optim.biz\/index.php?rest_route=\/wp\/v2\/posts\/387649\/revisions"}],"wp:attachment":[{"href":"https:\/\/analyse.optim.biz\/index.php?rest_route=%2Fwp%2Fv2%2Fmedia&parent=387649"}],"wp:term":[{"taxonomy":"category","embeddable":true,"href":"https:\/\/analyse.optim.biz\/index.php?rest_route=%2Fwp%2Fv2%2Fcategories&post=387649"},{"taxonomy":"post_tag","embeddable":true,"href":"https:\/\/analyse.optim.biz\/index.php?rest_route=%2Fwp%2Fv2%2Ftags&post=387649"}],"curies":[{"name":"wp","href":"https:\/\/api.w.org\/{rel}","templated":true}]}}