{"id":387595,"date":"2014-04-08T16:11:00","date_gmt":"2014-04-08T13:11:00","guid":{"rendered":"https:\/\/analyse.optim.biz\/?p=387595"},"modified":"2014-04-08T16:11:00","modified_gmt":"2014-04-08T13:11:00","slug":"audierile-in-cazul-lui-radu-mazare-nu-au-inceput-inca","status":"publish","type":"post","link":"https:\/\/analyse.optim.biz\/?p=387595","title":{"rendered":"Audierile \u00een cazul lui Radu Maz\u0103re nu au \u00eenceput \u00eenc\u0103!"},"content":{"rendered":"<div class=\"description\" data-key=\"description\">Radu Maz\u0103re a salutat presa de la o fereastr\u0103 a sediului DNA, precizand, in urma cu aproximativ jumatate de ora, ca audierile nu au inceput<\/div>\n<div class=\"articleBody\" data-key=\"articleBody\">Primarul Constan\u0163ei a salutat presa de la o fereastr\u0103, unde fuma, a\u015fezat pe pervaz, \u015fi bea o cafea. Maz\u0103re a f\u0103cut semne de la geam c\u0103 nu a \u00eenceput \u00eenc\u0103 audierea sa de c\u0103tre procurori. \u00centruc\u00e2t fereastra respectiv\u0103 a fost, la un moment dat, \u00eentredeschis\u0103, edilul Constan\u0163ei a explicat c\u0103 nu i-a sosit \u00eenc\u0103 avocatul.<br \/>\n\u00cen aceast\u0103 diminea\u021b\u0103 procurorii DNA au mers la locuin\u021ba primarului Radu Maz\u0103re, dar \u015fi la sediul Prim\u0103riei Constan\u021ba.<br \/>\n\u00cen urm\u0103 cu doar dou\u0103 s\u0103pt\u0103m\u00e2ni, masca\u021bii au descins \u00een for\u021b\u0103 la casa pre\u0219edintelui Consiliului Jude\u021bean Constan\u021ba, Nicu\u0219or Constantinescu, \u0219i la sediul institu\u021biei pe care o conduce.<br \/>\nSe pare c\u0103 ar fi vorba de un nou dosar \u00een care este vizat Radu Maz\u0103re, suspectat de fapte de corup\u0163ie, dar \u015fi al\u0163i angaja\u0163i ai prim\u0103riei. Cazul este anchetat de DNA Bucure\u015fti.<\/div>\n<p> Source URL: https:\/\/observatornews.ro\/politic\/audierea-in-cazul-lui-radu-mazare-nu-a-inceput-inca-123294.html<\/p>\n","protected":false},"excerpt":{"rendered":"<p>Radu Maz\u0103re a salutat presa de la o fereastr\u0103 a sediului DNA, precizand, in urma cu aproximativ jumatate de ora, ca audierile nu au inceput Primarul Constan\u0163ei a salutat presa de la o fereastr\u0103, unde fuma, a\u015fezat pe pervaz, \u015fi bea o cafea. Maz\u0103re a f\u0103cut semne de la geam c\u0103 nu a \u00eenceput \u00eenc\u0103 [&hellip;]<\/p>\n","protected":false},"author":1,"featured_media":0,"comment_status":"open","ping_status":"","sticky":false,"template":"","format":"standard","meta":{"footnotes":""},"categories":[2],"tags":[30],"class_list":["post-387595","post","type-post","status-publish","format-standard","hentry","category-politics","tag-observatornews-ro"],"_links":{"self":[{"href":"https:\/\/analyse.optim.biz\/index.php?rest_route=\/wp\/v2\/posts\/387595","targetHints":{"allow":["GET"]}}],"collection":[{"href":"https:\/\/analyse.optim.biz\/index.php?rest_route=\/wp\/v2\/posts"}],"about":[{"href":"https:\/\/analyse.optim.biz\/index.php?rest_route=\/wp\/v2\/types\/post"}],"author":[{"embeddable":true,"href":"https:\/\/analyse.optim.biz\/index.php?rest_route=\/wp\/v2\/users\/1"}],"replies":[{"embeddable":true,"href":"https:\/\/analyse.optim.biz\/index.php?rest_route=%2Fwp%2Fv2%2Fcomments&post=387595"}],"version-history":[{"count":0,"href":"https:\/\/analyse.optim.biz\/index.php?rest_route=\/wp\/v2\/posts\/387595\/revisions"}],"wp:attachment":[{"href":"https:\/\/analyse.optim.biz\/index.php?rest_route=%2Fwp%2Fv2%2Fmedia&parent=387595"}],"wp:term":[{"taxonomy":"category","embeddable":true,"href":"https:\/\/analyse.optim.biz\/index.php?rest_route=%2Fwp%2Fv2%2Fcategories&post=387595"},{"taxonomy":"post_tag","embeddable":true,"href":"https:\/\/analyse.optim.biz\/index.php?rest_route=%2Fwp%2Fv2%2Ftags&post=387595"}],"curies":[{"name":"wp","href":"https:\/\/api.w.org\/{rel}","templated":true}]}}