{"id":387503,"date":"2014-04-11T13:03:00","date_gmt":"2014-04-11T10:03:00","guid":{"rendered":"https:\/\/analyse.optim.biz\/?p=387503"},"modified":"2014-04-11T13:03:00","modified_gmt":"2014-04-11T10:03:00","slug":"s-a-dat-sentinta-in-cazul-fratilor-becali-ce-au-hotarat-magistratii","status":"publish","type":"post","link":"https:\/\/analyse.optim.biz\/?p=387503","title":{"rendered":"S-a dat sentin\u0163a \u00een cazul fra\u0163ilor Becali! Ce au hot\u0103r\u00e2t magistra\u0163ii"},"content":{"rendered":"<div class=\"description\" data-key=\"description\">Magistra\u0163ii Cur\u0163ii de Apel au respins, vineri, contesta\u0163iile depuse de avoca\u0163ii lui Victor \u015fi Ioan Becali<\/div>\n<div class=\"articleBody\" data-key=\"articleBody\">Astfel, fra\u0163ii Becali r\u0103m\u00e2n \u00een \u00eenchisoare, decizia fiind definitiv\u0103.<br \/>\nCei doi impresari nu sunt de acord cu sentin\u0163a prin care au fost condamna\u0163i la \u015fase ani \u015fi patru luni \u015fi, respectiv, patru ani \u015fi opt luni de \u00eenchisoare cu executare, \u00een dosarul Transferurilor. <\/div>\n<p> Source URL: https:\/\/observatornews.ro\/politic\/sa-dat-sentinta-in-cazul-fratilor-becali-ce-au-hotarat-magistratii-123521.html<\/p>\n","protected":false},"excerpt":{"rendered":"<p>Magistra\u0163ii Cur\u0163ii de Apel au respins, vineri, contesta\u0163iile depuse de avoca\u0163ii lui Victor \u015fi Ioan Becali Astfel, fra\u0163ii Becali r\u0103m\u00e2n \u00een \u00eenchisoare, decizia fiind definitiv\u0103. Cei doi impresari nu sunt de acord cu sentin\u0163a prin care au fost condamna\u0163i la \u015fase ani \u015fi patru luni \u015fi, respectiv, patru ani \u015fi opt luni de \u00eenchisoare cu [&hellip;]<\/p>\n","protected":false},"author":1,"featured_media":387504,"comment_status":"open","ping_status":"","sticky":false,"template":"","format":"standard","meta":{"footnotes":""},"categories":[2],"tags":[30],"class_list":["post-387503","post","type-post","status-publish","format-standard","has-post-thumbnail","hentry","category-politics","tag-observatornews-ro"],"_links":{"self":[{"href":"https:\/\/analyse.optim.biz\/index.php?rest_route=\/wp\/v2\/posts\/387503","targetHints":{"allow":["GET"]}}],"collection":[{"href":"https:\/\/analyse.optim.biz\/index.php?rest_route=\/wp\/v2\/posts"}],"about":[{"href":"https:\/\/analyse.optim.biz\/index.php?rest_route=\/wp\/v2\/types\/post"}],"author":[{"embeddable":true,"href":"https:\/\/analyse.optim.biz\/index.php?rest_route=\/wp\/v2\/users\/1"}],"replies":[{"embeddable":true,"href":"https:\/\/analyse.optim.biz\/index.php?rest_route=%2Fwp%2Fv2%2Fcomments&post=387503"}],"version-history":[{"count":0,"href":"https:\/\/analyse.optim.biz\/index.php?rest_route=\/wp\/v2\/posts\/387503\/revisions"}],"wp:featuredmedia":[{"embeddable":true,"href":"https:\/\/analyse.optim.biz\/index.php?rest_route=\/wp\/v2\/media\/387504"}],"wp:attachment":[{"href":"https:\/\/analyse.optim.biz\/index.php?rest_route=%2Fwp%2Fv2%2Fmedia&parent=387503"}],"wp:term":[{"taxonomy":"category","embeddable":true,"href":"https:\/\/analyse.optim.biz\/index.php?rest_route=%2Fwp%2Fv2%2Fcategories&post=387503"},{"taxonomy":"post_tag","embeddable":true,"href":"https:\/\/analyse.optim.biz\/index.php?rest_route=%2Fwp%2Fv2%2Ftags&post=387503"}],"curies":[{"name":"wp","href":"https:\/\/api.w.org\/{rel}","templated":true}]}}