{"id":387450,"date":"2014-04-16T13:13:11","date_gmt":"2014-04-16T10:13:11","guid":{"rendered":"https:\/\/analyse.optim.biz\/?p=387450"},"modified":"2014-04-16T13:13:11","modified_gmt":"2014-04-16T10:13:11","slug":"gabriela-vranceanu-firea-a-depus-plangere-penala-impotriva-presedintelui-traian-basescu","status":"publish","type":"post","link":"https:\/\/analyse.optim.biz\/?p=387450","title":{"rendered":"Gabriela Vr\u00e2nceanu Firea a depus pl\u00e2ngere penal\u0103 \u00eempotriva pre\u015fedintelui Traian B\u0103sescu"},"content":{"rendered":"<div class=\"description\" data-key=\"description\">Gabriela Vr\u00e2nceanu Firea a depus, azi, pl\u00e2ngere penal\u0103 \u00eempotriva pre\u015fedintelui Traian B\u0103sescu. De\u015fi recunoa\u015fte c\u0103 s-a g\u00e2ndit o sear\u0103 \u00eentreag\u0103 \u00eenainte s\u0103 mearg\u0103 la Parchetul General, atacurile \u015fi amenin\u0163\u0103rile \u015fefului statului la adresa ei \u015fi a familiei au convins-o s\u0103 nu lase lucrurile a\u015fa.<\/div>\n<div class=\"articleBody\" data-key=\"articleBody\">\u00a0Iar ei \u00eei vor urma \u015fi al\u0163ii. Mai mul\u0163i parlamentari au anun\u0163at c\u0103 vor depune \u015fi ei un denun\u0163 \u00eempotriva \u015fefului statului.<\/div>\n<p> Source URL: https:\/\/observatornews.ro\/politic\/gabriela-vranceanu-firea-a-depus-plangere-penala-impotriva-presedintelui-traian-basescu-123879.html<\/p>\n","protected":false},"excerpt":{"rendered":"<p>Gabriela Vr\u00e2nceanu Firea a depus, azi, pl\u00e2ngere penal\u0103 \u00eempotriva pre\u015fedintelui Traian B\u0103sescu. De\u015fi recunoa\u015fte c\u0103 s-a g\u00e2ndit o sear\u0103 \u00eentreag\u0103 \u00eenainte s\u0103 mearg\u0103 la Parchetul General, atacurile \u015fi amenin\u0163\u0103rile \u015fefului statului la adresa ei \u015fi a familiei au convins-o s\u0103 nu lase lucrurile a\u015fa. \u00a0Iar ei \u00eei vor urma \u015fi al\u0163ii. Mai mul\u0163i parlamentari au [&hellip;]<\/p>\n","protected":false},"author":1,"featured_media":0,"comment_status":"open","ping_status":"","sticky":false,"template":"","format":"standard","meta":{"footnotes":""},"categories":[2],"tags":[30],"class_list":["post-387450","post","type-post","status-publish","format-standard","hentry","category-politics","tag-observatornews-ro"],"_links":{"self":[{"href":"https:\/\/analyse.optim.biz\/index.php?rest_route=\/wp\/v2\/posts\/387450","targetHints":{"allow":["GET"]}}],"collection":[{"href":"https:\/\/analyse.optim.biz\/index.php?rest_route=\/wp\/v2\/posts"}],"about":[{"href":"https:\/\/analyse.optim.biz\/index.php?rest_route=\/wp\/v2\/types\/post"}],"author":[{"embeddable":true,"href":"https:\/\/analyse.optim.biz\/index.php?rest_route=\/wp\/v2\/users\/1"}],"replies":[{"embeddable":true,"href":"https:\/\/analyse.optim.biz\/index.php?rest_route=%2Fwp%2Fv2%2Fcomments&post=387450"}],"version-history":[{"count":0,"href":"https:\/\/analyse.optim.biz\/index.php?rest_route=\/wp\/v2\/posts\/387450\/revisions"}],"wp:attachment":[{"href":"https:\/\/analyse.optim.biz\/index.php?rest_route=%2Fwp%2Fv2%2Fmedia&parent=387450"}],"wp:term":[{"taxonomy":"category","embeddable":true,"href":"https:\/\/analyse.optim.biz\/index.php?rest_route=%2Fwp%2Fv2%2Fcategories&post=387450"},{"taxonomy":"post_tag","embeddable":true,"href":"https:\/\/analyse.optim.biz\/index.php?rest_route=%2Fwp%2Fv2%2Ftags&post=387450"}],"curies":[{"name":"wp","href":"https:\/\/api.w.org\/{rel}","templated":true}]}}