{"id":387448,"date":"2014-04-18T16:13:00","date_gmt":"2014-04-18T13:13:00","guid":{"rendered":"https:\/\/analyse.optim.biz\/?p=387448"},"modified":"2014-04-18T16:13:00","modified_gmt":"2014-04-18T13:13:00","slug":"s-a-decis-ramane-sau-nu-radu-mazare-in-libertate","status":"publish","type":"post","link":"https:\/\/analyse.optim.biz\/?p=387448","title":{"rendered":"S-a decis! R\u0103m\u00e2ne sau nu Radu Maz\u0103re \u00een libertate"},"content":{"rendered":"<div class=\"description\" data-key=\"description\">Vinerea Patimilor s-a \u00eencheiat pentru Radu Maz\u0103re! Magistra\u0163ii au hot\u0103r\u00e2t ca edilul ora\u015fului Constanta s\u0103 r\u0103m\u00e2n\u0103 \u00een libertate!<\/div>\n<div class=\"articleBody\" data-key=\"articleBody\">Primarul Constan\u0163ei, Radu Maz\u0103re, va fi cercetat \u00een stare de libertate \u00een dosarul \u00een care este acuzat c\u0103 ar fi luat mit\u0103 175.000 de euro de la omul de afaceri Avraham Morgenstern, a decis, vineri, instan\u0163a suprem\u0103, care a respins recursul DNA fa\u0163\u0103 de controlul judiciar dispus \u00een cazul edilului.<br \/>\n&#8220;Multumesc judec\u0103torilor, \u00een\u0163elepciunii \u015fi curajului de care au dat dovad\u0103&#8221;, a declarat Radu Maz\u0103re la aflarea ve\u015ftii c\u0103 va petrece s\u0103rb\u0103torile de Pa\u015fte \u00een libertate.<\/div>\n<p> Source URL: https:\/\/observatornews.ro\/politic\/sa-decis-ramane-sau-nu-radu-mazare-in-libertate-124047.html<\/p>\n","protected":false},"excerpt":{"rendered":"<p>Vinerea Patimilor s-a \u00eencheiat pentru Radu Maz\u0103re! Magistra\u0163ii au hot\u0103r\u00e2t ca edilul ora\u015fului Constanta s\u0103 r\u0103m\u00e2n\u0103 \u00een libertate! Primarul Constan\u0163ei, Radu Maz\u0103re, va fi cercetat \u00een stare de libertate \u00een dosarul \u00een care este acuzat c\u0103 ar fi luat mit\u0103 175.000 de euro de la omul de afaceri Avraham Morgenstern, a decis, vineri, instan\u0163a suprem\u0103, [&hellip;]<\/p>\n","protected":false},"author":1,"featured_media":387449,"comment_status":"open","ping_status":"","sticky":false,"template":"","format":"standard","meta":{"footnotes":""},"categories":[2],"tags":[30],"class_list":["post-387448","post","type-post","status-publish","format-standard","has-post-thumbnail","hentry","category-politics","tag-observatornews-ro"],"_links":{"self":[{"href":"https:\/\/analyse.optim.biz\/index.php?rest_route=\/wp\/v2\/posts\/387448","targetHints":{"allow":["GET"]}}],"collection":[{"href":"https:\/\/analyse.optim.biz\/index.php?rest_route=\/wp\/v2\/posts"}],"about":[{"href":"https:\/\/analyse.optim.biz\/index.php?rest_route=\/wp\/v2\/types\/post"}],"author":[{"embeddable":true,"href":"https:\/\/analyse.optim.biz\/index.php?rest_route=\/wp\/v2\/users\/1"}],"replies":[{"embeddable":true,"href":"https:\/\/analyse.optim.biz\/index.php?rest_route=%2Fwp%2Fv2%2Fcomments&post=387448"}],"version-history":[{"count":0,"href":"https:\/\/analyse.optim.biz\/index.php?rest_route=\/wp\/v2\/posts\/387448\/revisions"}],"wp:featuredmedia":[{"embeddable":true,"href":"https:\/\/analyse.optim.biz\/index.php?rest_route=\/wp\/v2\/media\/387449"}],"wp:attachment":[{"href":"https:\/\/analyse.optim.biz\/index.php?rest_route=%2Fwp%2Fv2%2Fmedia&parent=387448"}],"wp:term":[{"taxonomy":"category","embeddable":true,"href":"https:\/\/analyse.optim.biz\/index.php?rest_route=%2Fwp%2Fv2%2Fcategories&post=387448"},{"taxonomy":"post_tag","embeddable":true,"href":"https:\/\/analyse.optim.biz\/index.php?rest_route=%2Fwp%2Fv2%2Ftags&post=387448"}],"curies":[{"name":"wp","href":"https:\/\/api.w.org\/{rel}","templated":true}]}}