{"id":387302,"date":"2014-05-03T19:18:00","date_gmt":"2014-05-03T16:18:00","guid":{"rendered":"https:\/\/analyse.optim.biz\/?p=387302"},"modified":"2014-05-03T19:18:00","modified_gmt":"2014-05-03T16:18:00","slug":"serghei-lavrov-criza-din-ucraina-arunca-tara-intr-un-conflict-fratricid","status":"publish","type":"post","link":"https:\/\/analyse.optim.biz\/?p=387302","title":{"rendered":"Serghei Lavrov: Criza din Ucraina arunc\u0103 \u021bara \u00eentr-un conflict fratricid"},"content":{"rendered":"<div class=\"description\" data-key=\"description\">Serghei Lavrov, Ministrul rus de Externe, a \u00eendemnat Statele Unite s\u0103 intervin\u0103 pe l\u00e2ng\u0103 autorit\u0103\u0163ile de la Kiev pentru ca acestea s\u0103 \u00eenceteze imediat opera\u0163iunile militare desf\u0103\u015furate \u00een sud-estul \u0163\u0103rii.<\/div>\n<div class=\"articleBody\" data-key=\"articleBody\">Serghei Lavrov, Ministrul rus de Externe, a \u00eendemnat Statele Unite s\u0103 intervin\u0103 pe l\u00e2ng\u0103 autorit\u0103\u0163ile de la Kiev pentru ca acestea s\u0103 \u00eenceteze imediat opera\u0163iunile militare desf\u0103\u015furate \u00een sud-estul \u0163\u0103rii.<br \/>\n&#8220;O opera\u0163iune punitiv\u0103 \u00een sud-estul Ucrainei plonjeaz\u0103 \u0163ara \u00eentr-un conflict fratricid&#8221;, i-a spus la telefon Serghei Lavrov omologului s\u0103u american, John Kerry.<br \/>\n&#8220;Statele Unite trebuie s\u0103 fac\u0103 uz de influen\u0163a sa pentru a obliga regimul de la Kiev, aflat sub controlul lor, care a declarat r\u0103zboi propriului s\u0103u popor, s\u0103 \u00eenceteze imediat opera\u0163iunile militare din regiunile din sud-estul \u0163\u0103rii, s\u0103-\u015fi retrag\u0103 (for\u0163ele) \u015fi s\u0103-i elibereze pe to\u0163i participan\u0163ii la manifesta\u0163ii&#8221;, a cerut ministrul rus.<br \/>\n\u015eeful diploma\u0163iei ruse a subliniat \u0219i &#8220;importan\u0163a implic\u0103rii totale a medierii OSCE (Organiza\u0163ia pentru Securitate \u015fi Cooperare \u00een Europa)&#8221;, relateaz\u0103 Mediafax.<\/div>\n<p> Source URL: https:\/\/observatornews.ro\/politic\/serghei-lavrov-criza-din-ucraina-arunca-ara-intrun-conflict-fratricid-125129.html<\/p>\n","protected":false},"excerpt":{"rendered":"<p>Serghei Lavrov, Ministrul rus de Externe, a \u00eendemnat Statele Unite s\u0103 intervin\u0103 pe l\u00e2ng\u0103 autorit\u0103\u0163ile de la Kiev pentru ca acestea s\u0103 \u00eenceteze imediat opera\u0163iunile militare desf\u0103\u015furate \u00een sud-estul \u0163\u0103rii. Serghei Lavrov, Ministrul rus de Externe, a \u00eendemnat Statele Unite s\u0103 intervin\u0103 pe l\u00e2ng\u0103 autorit\u0103\u0163ile de la Kiev pentru ca acestea s\u0103 \u00eenceteze imediat opera\u0163iunile [&hellip;]<\/p>\n","protected":false},"author":1,"featured_media":0,"comment_status":"open","ping_status":"","sticky":false,"template":"","format":"standard","meta":{"footnotes":""},"categories":[2],"tags":[30],"class_list":["post-387302","post","type-post","status-publish","format-standard","hentry","category-politics","tag-observatornews-ro"],"_links":{"self":[{"href":"https:\/\/analyse.optim.biz\/index.php?rest_route=\/wp\/v2\/posts\/387302","targetHints":{"allow":["GET"]}}],"collection":[{"href":"https:\/\/analyse.optim.biz\/index.php?rest_route=\/wp\/v2\/posts"}],"about":[{"href":"https:\/\/analyse.optim.biz\/index.php?rest_route=\/wp\/v2\/types\/post"}],"author":[{"embeddable":true,"href":"https:\/\/analyse.optim.biz\/index.php?rest_route=\/wp\/v2\/users\/1"}],"replies":[{"embeddable":true,"href":"https:\/\/analyse.optim.biz\/index.php?rest_route=%2Fwp%2Fv2%2Fcomments&post=387302"}],"version-history":[{"count":0,"href":"https:\/\/analyse.optim.biz\/index.php?rest_route=\/wp\/v2\/posts\/387302\/revisions"}],"wp:attachment":[{"href":"https:\/\/analyse.optim.biz\/index.php?rest_route=%2Fwp%2Fv2%2Fmedia&parent=387302"}],"wp:term":[{"taxonomy":"category","embeddable":true,"href":"https:\/\/analyse.optim.biz\/index.php?rest_route=%2Fwp%2Fv2%2Fcategories&post=387302"},{"taxonomy":"post_tag","embeddable":true,"href":"https:\/\/analyse.optim.biz\/index.php?rest_route=%2Fwp%2Fv2%2Ftags&post=387302"}],"curies":[{"name":"wp","href":"https:\/\/api.w.org\/{rel}","templated":true}]}}