{"id":387300,"date":"2014-05-05T08:15:00","date_gmt":"2014-05-05T05:15:00","guid":{"rendered":"https:\/\/analyse.optim.biz\/?p=387300"},"modified":"2014-05-05T08:15:00","modified_gmt":"2014-05-05T05:15:00","slug":"marea-neagra-invadata-de-1-600-de-militari","status":"publish","type":"post","link":"https:\/\/analyse.optim.biz\/?p=387300","title":{"rendered":"Marea Neagr\u0103, &#8220;invadat\u0103&#8221; de 1.600 de militari!"},"content":{"rendered":"<div class=\"description\" data-key=\"description\">Peste 1.600 de marinari militari particip\u0103 la exerci\u0163iul &#8220;Vectorul 2014&#8221;, care se desf\u0103\u015foar\u0103 \u00een perioada 5-9 mai, \u00een apele teritoriale ale Rom\u00e2niei \u015fi \u00een apele interna\u0163ionale ale M\u0103rii Negre<\/div>\n<div class=\"articleBody\" data-key=\"articleBody\">\u00a0Peste 1.600 de marinari militari particip\u0103 la exerci\u0163iul &#8220;Vectorul 2014&#8221;, care se desf\u0103\u015foar\u0103 \u00een perioada 5-9 mai, \u00een apele teritoriale ale Rom\u00e2niei \u015fi \u00een apele interna\u0163ionale ale M\u0103rii Negre<br \/>\nExerci\u0163iul &#8220;Vectorul&#8221; se desf\u0103\u015foar\u0103 \u00een fiecare an, pentru antrenarea tuturor structurilor din For\u0163ele Navale \u00een vederea \u00eendeplinirii \u00een bune condi\u0163ii a misiunilor \u00eencredin\u0163ate, informeaz\u0103 MApN. Acesta este inclus \u00een planul cu principalele activit\u0103\u0163i al Statului Major al For\u0163elor Navale.<br \/>\nS\u0103pt\u0103m\u00e2na trecut\u0103, MApN a informat c\u0103 un deta\u015fament de instruc\u0163ie din cadrul For\u0163elor Terestre va participa, \u00een perioada 12 mai &#8211; 30 iunie, \u00een Germania, la exerci\u0163iul &#8220;ROT 14-4 Combined Resolve II&#8221; desf\u0103\u015furat \u00een comun cu For\u0163ele Terestre americane dislocate \u00een Europa (USAREUR).<\/div>\n<p> Source URL: https:\/\/observatornews.ro\/politic\/nou-exercitiu-militar-in-marea-neagra-cu-peste-1600-de-marinari-125186.html<\/p>\n","protected":false},"excerpt":{"rendered":"<p>Peste 1.600 de marinari militari particip\u0103 la exerci\u0163iul &#8220;Vectorul 2014&#8221;, care se desf\u0103\u015foar\u0103 \u00een perioada 5-9 mai, \u00een apele teritoriale ale Rom\u00e2niei \u015fi \u00een apele interna\u0163ionale ale M\u0103rii Negre \u00a0Peste 1.600 de marinari militari particip\u0103 la exerci\u0163iul &#8220;Vectorul 2014&#8221;, care se desf\u0103\u015foar\u0103 \u00een perioada 5-9 mai, \u00een apele teritoriale ale Rom\u00e2niei \u015fi \u00een apele interna\u0163ionale [&hellip;]<\/p>\n","protected":false},"author":1,"featured_media":0,"comment_status":"open","ping_status":"","sticky":false,"template":"","format":"standard","meta":{"footnotes":""},"categories":[2],"tags":[30],"class_list":["post-387300","post","type-post","status-publish","format-standard","hentry","category-politics","tag-observatornews-ro"],"_links":{"self":[{"href":"https:\/\/analyse.optim.biz\/index.php?rest_route=\/wp\/v2\/posts\/387300","targetHints":{"allow":["GET"]}}],"collection":[{"href":"https:\/\/analyse.optim.biz\/index.php?rest_route=\/wp\/v2\/posts"}],"about":[{"href":"https:\/\/analyse.optim.biz\/index.php?rest_route=\/wp\/v2\/types\/post"}],"author":[{"embeddable":true,"href":"https:\/\/analyse.optim.biz\/index.php?rest_route=\/wp\/v2\/users\/1"}],"replies":[{"embeddable":true,"href":"https:\/\/analyse.optim.biz\/index.php?rest_route=%2Fwp%2Fv2%2Fcomments&post=387300"}],"version-history":[{"count":0,"href":"https:\/\/analyse.optim.biz\/index.php?rest_route=\/wp\/v2\/posts\/387300\/revisions"}],"wp:attachment":[{"href":"https:\/\/analyse.optim.biz\/index.php?rest_route=%2Fwp%2Fv2%2Fmedia&parent=387300"}],"wp:term":[{"taxonomy":"category","embeddable":true,"href":"https:\/\/analyse.optim.biz\/index.php?rest_route=%2Fwp%2Fv2%2Fcategories&post=387300"},{"taxonomy":"post_tag","embeddable":true,"href":"https:\/\/analyse.optim.biz\/index.php?rest_route=%2Fwp%2Fv2%2Ftags&post=387300"}],"curies":[{"name":"wp","href":"https:\/\/api.w.org\/{rel}","templated":true}]}}