{"id":387298,"date":"2014-05-09T16:33:06","date_gmt":"2014-05-09T13:33:06","guid":{"rendered":"https:\/\/analyse.optim.biz\/?p=387298"},"modified":"2014-05-09T16:33:06","modified_gmt":"2014-05-09T13:33:06","slug":"febra-selfieurilor-i-a-cuprins-si-pe-politicienii-romani","status":"publish","type":"post","link":"https:\/\/analyse.optim.biz\/?p=387298","title":{"rendered":"Febra selfieurilor i-a cuprins \u015fi pe politicienii rom\u00e2ni"},"content":{"rendered":"<div class=\"description\" data-key=\"description\">Ce-\u015fi face omul cu m\u00e2na lui, se nume\u015fte selfie. \u00cen goana dup\u0103 voturi, politicienii au dat \u00een mintea internau\u0163ilor \u015fi au fost cuprin\u015fi de febra selfieurilor.<\/div>\n<div class=\"articleBody\" data-key=\"articleBody\">\u00a0Ce-\u015fi face omul cu m\u00e2na lui, se nume\u015fte selfie. \u00cen goana dup\u0103 voturi, politicienii au dat \u00een mintea internau\u0163ilor \u015fi au fost cuprin\u015fi de febra selfieurilor.<br \/>\nDac\u0103 p\u00e2n\u0103 acum \u00ee\u015fi f\u0103ceau poze doar la profesioni\u015fti, \u00een studiouri \u015fi cu mult machiaj, acum \u00ee\u015fi fac singuri, cu telefonul. Nici nu-i mai intereseaz\u0103 cum arat\u0103, dac\u0103 sunt la mod\u0103.<br \/>\nNici m\u0103car Elenei Udrea nu i-a ie\u015fit. Selfie-ul blondei de la Mi\u015fcarea Popular\u0103 a intrat \u00een topul celor mai nereu\u015fite fotografii. Mul\u0163i au spus c\u0103 n-au recunoscut-o.<br \/>\nNici nu-i u\u015for, dac\u0103 ne g\u00e2ndim c\u0103 deputatul ne-a obi\u015fnuit cu o imagine mereu provocatoare \u015fi poze at\u00e2t de photoshopate p\u00e2n\u0103 la perfec\u0163iune. \u00cen selfieul Elenei Udrea, \u00eens\u0103, altcineva a fost actorul principal. Mentorul ei, Traian B\u0103sescu.<br \/>\nModa selfieului l-a prins imediat \u015fi pe premierul Victor Ponta. L-a convins mondenul Mihai Sturzu, deputat PSD \u015fi c\u00e2nt\u0103re\u0163 \u00een trupa HQ. Un concurs tot exist\u0103. Dac\u0103 oamenii obi\u015fnui\u0163i se bat \u00een poze pentru likeuri, politicienii se r\u0103zboiesc pentru voturi. \u015ei atunci, pentru ei, imaginea chiar nu mai conteaz\u0103.<br \/>\nSelfiurile politice n-au ap\u0103rut \u00een Rom\u00e2nia. Cel care a dat tonul a fost pre\u015fedintele Statelor Unite, Barack Obama. THE SELFIE, cum ar zice americanul a fost f\u0103cut la funeraliile lui Nelson Mandela, al\u0103turi de premierul Marii Britanii, David Cameron \u015fi de premierul danez.<br \/>\nLec\u0163ia o \u015ftiu actorii de la Hollywood. Au demonstrat-o \u00een noaptea ceremoniei premiilor Oscar. Speciali\u015ftii spun, \u00eens\u0103, c\u0103 selfieul perfect este de fapt o reclam\u0103 pe bani grei la un telefon. R\u0103m\u00e2ne de v\u0103zut c\u00e2t de repede vor \u00eenv\u0103\u0163a lec\u0163ia \u015fi politicienii no\u015ftri.\n<\/div>\n<p> Source URL: https:\/\/observatornews.ro\/politic\/febra-selfieurilor-ia-cuprins-si-pe-politicienii-romani-125556.html<\/p>\n","protected":false},"excerpt":{"rendered":"<p>Ce-\u015fi face omul cu m\u00e2na lui, se nume\u015fte selfie. \u00cen goana dup\u0103 voturi, politicienii au dat \u00een mintea internau\u0163ilor \u015fi au fost cuprin\u015fi de febra selfieurilor. \u00a0Ce-\u015fi face omul cu m\u00e2na lui, se nume\u015fte selfie. \u00cen goana dup\u0103 voturi, politicienii au dat \u00een mintea internau\u0163ilor \u015fi au fost cuprin\u015fi de febra selfieurilor. Dac\u0103 p\u00e2n\u0103 acum [&hellip;]<\/p>\n","protected":false},"author":1,"featured_media":387299,"comment_status":"open","ping_status":"","sticky":false,"template":"","format":"standard","meta":{"footnotes":""},"categories":[2],"tags":[30],"class_list":["post-387298","post","type-post","status-publish","format-standard","has-post-thumbnail","hentry","category-politics","tag-observatornews-ro"],"_links":{"self":[{"href":"https:\/\/analyse.optim.biz\/index.php?rest_route=\/wp\/v2\/posts\/387298","targetHints":{"allow":["GET"]}}],"collection":[{"href":"https:\/\/analyse.optim.biz\/index.php?rest_route=\/wp\/v2\/posts"}],"about":[{"href":"https:\/\/analyse.optim.biz\/index.php?rest_route=\/wp\/v2\/types\/post"}],"author":[{"embeddable":true,"href":"https:\/\/analyse.optim.biz\/index.php?rest_route=\/wp\/v2\/users\/1"}],"replies":[{"embeddable":true,"href":"https:\/\/analyse.optim.biz\/index.php?rest_route=%2Fwp%2Fv2%2Fcomments&post=387298"}],"version-history":[{"count":0,"href":"https:\/\/analyse.optim.biz\/index.php?rest_route=\/wp\/v2\/posts\/387298\/revisions"}],"wp:featuredmedia":[{"embeddable":true,"href":"https:\/\/analyse.optim.biz\/index.php?rest_route=\/wp\/v2\/media\/387299"}],"wp:attachment":[{"href":"https:\/\/analyse.optim.biz\/index.php?rest_route=%2Fwp%2Fv2%2Fmedia&parent=387298"}],"wp:term":[{"taxonomy":"category","embeddable":true,"href":"https:\/\/analyse.optim.biz\/index.php?rest_route=%2Fwp%2Fv2%2Fcategories&post=387298"},{"taxonomy":"post_tag","embeddable":true,"href":"https:\/\/analyse.optim.biz\/index.php?rest_route=%2Fwp%2Fv2%2Ftags&post=387298"}],"curies":[{"name":"wp","href":"https:\/\/api.w.org\/{rel}","templated":true}]}}