{"id":387200,"date":"2014-05-19T09:24:00","date_gmt":"2014-05-19T06:24:00","guid":{"rendered":"https:\/\/analyse.optim.biz\/?p=387200"},"modified":"2014-05-19T09:24:00","modified_gmt":"2014-05-19T06:24:00","slug":"vestea-pe-care-o-asteptau-toti-romanii-putin-a-ordonat-retragerea","status":"publish","type":"post","link":"https:\/\/analyse.optim.biz\/?p=387200","title":{"rendered":"Vestea pe care o a\u015fteptau to\u0163i rom\u00e2nii! Putin a ordonat retragerea!"},"content":{"rendered":"<div class=\"description\" data-key=\"description\">Pre\u015fedintele rus Vladimir Putin a ordonat luni retragerea trupelor care efectueaz\u0103 manevre \u00een apropiere de frontiera cu Ucraina, iar Moscova cere Kievului s\u0103-\u015fi retrag\u0103 &#8220;imediat&#8221; trupele din estul \u0163\u0103rii, a anun\u0163at Kremlinul<\/div>\n<div class=\"articleBody\" data-key=\"articleBody\">Pre\u015fedintele rus Vladimir Putin a ordonat luni retragerea trupelor care efectueaz\u0103 manevre \u00een apropiere de frontiera cu Ucraina, iar Moscova cere Kievului s\u0103-\u015fi retrag\u0103 &#8220;imediat&#8221; trupele din estul \u0163\u0103rii, a anun\u0163at Kremlinul\u00a0<br \/>\n&#8220;Vladimir Putin i-a ordonat ministrului Ap\u0103r\u0103rii s\u0103 cheme trupele \u00een garnizoane (&#8230;) din cauza \u00eencheierii exerci\u0163iilor&#8221;, a titrat Antena3, cit\u00e2nd un oficial al kremlinului<\/div>\n<p> Source URL: https:\/\/observatornews.ro\/politic\/vestea-pe-care-o-asteptau-toti-romanii-putin-a-ordonat-retragerea-126178.html<\/p>\n","protected":false},"excerpt":{"rendered":"<p>Pre\u015fedintele rus Vladimir Putin a ordonat luni retragerea trupelor care efectueaz\u0103 manevre \u00een apropiere de frontiera cu Ucraina, iar Moscova cere Kievului s\u0103-\u015fi retrag\u0103 &#8220;imediat&#8221; trupele din estul \u0163\u0103rii, a anun\u0163at Kremlinul Pre\u015fedintele rus Vladimir Putin a ordonat luni retragerea trupelor care efectueaz\u0103 manevre \u00een apropiere de frontiera cu Ucraina, iar Moscova cere Kievului s\u0103-\u015fi [&hellip;]<\/p>\n","protected":false},"author":1,"featured_media":0,"comment_status":"open","ping_status":"","sticky":false,"template":"","format":"standard","meta":{"footnotes":""},"categories":[2],"tags":[30],"class_list":["post-387200","post","type-post","status-publish","format-standard","hentry","category-politics","tag-observatornews-ro"],"_links":{"self":[{"href":"https:\/\/analyse.optim.biz\/index.php?rest_route=\/wp\/v2\/posts\/387200","targetHints":{"allow":["GET"]}}],"collection":[{"href":"https:\/\/analyse.optim.biz\/index.php?rest_route=\/wp\/v2\/posts"}],"about":[{"href":"https:\/\/analyse.optim.biz\/index.php?rest_route=\/wp\/v2\/types\/post"}],"author":[{"embeddable":true,"href":"https:\/\/analyse.optim.biz\/index.php?rest_route=\/wp\/v2\/users\/1"}],"replies":[{"embeddable":true,"href":"https:\/\/analyse.optim.biz\/index.php?rest_route=%2Fwp%2Fv2%2Fcomments&post=387200"}],"version-history":[{"count":0,"href":"https:\/\/analyse.optim.biz\/index.php?rest_route=\/wp\/v2\/posts\/387200\/revisions"}],"wp:attachment":[{"href":"https:\/\/analyse.optim.biz\/index.php?rest_route=%2Fwp%2Fv2%2Fmedia&parent=387200"}],"wp:term":[{"taxonomy":"category","embeddable":true,"href":"https:\/\/analyse.optim.biz\/index.php?rest_route=%2Fwp%2Fv2%2Fcategories&post=387200"},{"taxonomy":"post_tag","embeddable":true,"href":"https:\/\/analyse.optim.biz\/index.php?rest_route=%2Fwp%2Fv2%2Ftags&post=387200"}],"curies":[{"name":"wp","href":"https:\/\/api.w.org\/{rel}","templated":true}]}}