{"id":387197,"date":"2014-05-20T17:57:00","date_gmt":"2014-05-20T14:57:00","guid":{"rendered":"https:\/\/analyse.optim.biz\/?p=387197"},"modified":"2014-05-20T17:57:00","modified_gmt":"2014-05-20T14:57:00","slug":"joe-biden-si-sotia-sa-plimbare-prin-bucuresti-iata-unde-s-au-oprit-cei-doi-sa-ia-cina","status":"publish","type":"post","link":"https:\/\/analyse.optim.biz\/?p=387197","title":{"rendered":"Joe Biden \u015fi so\u0163ia sa, plimbare prin Bucure\u015fti! Iat\u0103 unde s-au oprit cei doi s\u0103 ia cina"},"content":{"rendered":"<div class=\"description\" data-key=\"description\">Vicepre\u015fedintele Statelor Unite, Joe Biden, \u015fi so\u0163ia sa au dorit s\u0103 vad\u0103 o parte dintre frumuse\u0163ile Capitale \u015fi s-au oprit s\u0103 serveasc\u0103 cina la un restaurant din Centrul Vechi al Capitalei<\/div>\n<div class=\"articleBody\" data-key=\"articleBody\">Vicepre\u015fedintele Statelor Unite, Joe Biden, \u015fi so\u0163ia sa au dorit s\u0103 vad\u0103 o parte dintre frumuse\u0163ile Capitale \u015fi s-au oprit s\u0103 serveasc\u0103 cina la un restaurant din Centrul Vechi al Capitalei<br \/>\nOficialul american a stat \u00een restaurant aproximativ o or\u0103, \u00een timp ce terasa localului, strada pe care se afl\u0103 acesta \u015fi trotuarul adiacent de pe Calea Victoriei erau \u00eemp\u00e2nzite de reprezentan\u0163i ai serviciilor de securitate americane \u015fi rom\u00e2ne.<br \/>\nDe asemenea, cei doi au mers la un chio\u015fc, de unde oficialul \u015fi-a cump\u0103rat o \u00eenghe\u0163at\u0103 pentru care a pl\u0103tit personal. Biden a fost salutat de mai mul\u0163i trec\u0103tori \u015fi chiar de c\u0103tre un cona\u0163ional din Colorado, scriu cei de la Antena3.<br \/>\nJoe Biden \u015fi so\u0163ia au urcat apoi \u00eentr-una din ma\u015finile oficiale \u015fi au p\u0103r\u0103sit zona, dup\u0103 plecarea acestora agen\u0163ii de securitate asigur\u00e2nd \u00een continuare perimetrul pentru o perioad\u0103.<\/div>\n<p> Source URL: https:\/\/observatornews.ro\/politic\/joe-biden-si-sotia-sa-plimbare-prin-bucuresti-iata-unde-sau-oprit-cei-doi-sa-ia-cina-126308.html<\/p>\n","protected":false},"excerpt":{"rendered":"<p>Vicepre\u015fedintele Statelor Unite, Joe Biden, \u015fi so\u0163ia sa au dorit s\u0103 vad\u0103 o parte dintre frumuse\u0163ile Capitale \u015fi s-au oprit s\u0103 serveasc\u0103 cina la un restaurant din Centrul Vechi al Capitalei Vicepre\u015fedintele Statelor Unite, Joe Biden, \u015fi so\u0163ia sa au dorit s\u0103 vad\u0103 o parte dintre frumuse\u0163ile Capitale \u015fi s-au oprit s\u0103 serveasc\u0103 cina la [&hellip;]<\/p>\n","protected":false},"author":1,"featured_media":0,"comment_status":"open","ping_status":"","sticky":false,"template":"","format":"standard","meta":{"footnotes":""},"categories":[2],"tags":[30],"class_list":["post-387197","post","type-post","status-publish","format-standard","hentry","category-politics","tag-observatornews-ro"],"_links":{"self":[{"href":"https:\/\/analyse.optim.biz\/index.php?rest_route=\/wp\/v2\/posts\/387197","targetHints":{"allow":["GET"]}}],"collection":[{"href":"https:\/\/analyse.optim.biz\/index.php?rest_route=\/wp\/v2\/posts"}],"about":[{"href":"https:\/\/analyse.optim.biz\/index.php?rest_route=\/wp\/v2\/types\/post"}],"author":[{"embeddable":true,"href":"https:\/\/analyse.optim.biz\/index.php?rest_route=\/wp\/v2\/users\/1"}],"replies":[{"embeddable":true,"href":"https:\/\/analyse.optim.biz\/index.php?rest_route=%2Fwp%2Fv2%2Fcomments&post=387197"}],"version-history":[{"count":0,"href":"https:\/\/analyse.optim.biz\/index.php?rest_route=\/wp\/v2\/posts\/387197\/revisions"}],"wp:attachment":[{"href":"https:\/\/analyse.optim.biz\/index.php?rest_route=%2Fwp%2Fv2%2Fmedia&parent=387197"}],"wp:term":[{"taxonomy":"category","embeddable":true,"href":"https:\/\/analyse.optim.biz\/index.php?rest_route=%2Fwp%2Fv2%2Fcategories&post=387197"},{"taxonomy":"post_tag","embeddable":true,"href":"https:\/\/analyse.optim.biz\/index.php?rest_route=%2Fwp%2Fv2%2Ftags&post=387197"}],"curies":[{"name":"wp","href":"https:\/\/api.w.org\/{rel}","templated":true}]}}