{"id":387070,"date":"2014-05-26T13:51:00","date_gmt":"2014-05-26T10:51:00","guid":{"rendered":"https:\/\/analyse.optim.biz\/?p=387070"},"modified":"2014-05-26T13:51:00","modified_gmt":"2014-05-26T10:51:00","slug":"radu-stroe-a-fost-exclus-din-pnl","status":"publish","type":"post","link":"https:\/\/analyse.optim.biz\/?p=387070","title":{"rendered":"Radu Stroe a fost exclus din PNL"},"content":{"rendered":"<div class=\"description\" data-key=\"description\">\u00cen urma unui vot care s-a desf\u0103\u015furat \u00een timpul \u015fedin\u0163ei conducerii PNL, Radu Stroe e fost exclus din partid cu 95 de voturi pentru, 12 ab\u0163ineri \u015fi 45 de voturi \u00eempotriv\u0103.<\/div>\n<div class=\"articleBody\" data-key=\"articleBody\">\u00a0Radu Stroe e fost exclus din partid cu 95 de voturi pentru, 12 ab\u0163ineri \u015fi 45 de voturi \u00eempotriv\u0103.<br \/>\n&#8220;Motiva\u0163ia excluderii mele este faptul c\u0103 am sus\u0163inut men\u0163inerea USL-ului, men\u0163inerea partidului la guvernare \u015fi le-am ar\u0103tat c\u0103 via\u0163a a demonstrat c\u0103 decizia politic\u0103 de ie\u015fire din USL a fost gre\u015fit\u0103&#8221;, a declarat Radu Stroe la finalul \u015fedin\u0163ei PNL.<br \/>\n\u00centrebat dac\u0103 se g\u00e2nde\u015fte s\u0103 colaboreze cu PSD, Stroe a r\u0103spuns: \u201cM\u0103 g\u00e2ndesc.\u201d<br \/>\n\u201cP\u0103cat de Watson, p\u0103cat de tot sprijinul pe care ALDE l-a dat \u00een perioadele grele\u201d, a comentat Stroe, f\u0103c\u00e2nd referire la aderarea PNL la PPE.<\/div>\n<p> Source URL: https:\/\/observatornews.ro\/politic\/radu-stroe-a-fost-exclus-din-pnl-126734.html<\/p>\n","protected":false},"excerpt":{"rendered":"<p>\u00cen urma unui vot care s-a desf\u0103\u015furat \u00een timpul \u015fedin\u0163ei conducerii PNL, Radu Stroe e fost exclus din partid cu 95 de voturi pentru, 12 ab\u0163ineri \u015fi 45 de voturi \u00eempotriv\u0103. \u00a0Radu Stroe e fost exclus din partid cu 95 de voturi pentru, 12 ab\u0163ineri \u015fi 45 de voturi \u00eempotriv\u0103. &#8220;Motiva\u0163ia excluderii mele este faptul [&hellip;]<\/p>\n","protected":false},"author":1,"featured_media":0,"comment_status":"open","ping_status":"","sticky":false,"template":"","format":"standard","meta":{"footnotes":""},"categories":[2],"tags":[30],"class_list":["post-387070","post","type-post","status-publish","format-standard","hentry","category-politics","tag-observatornews-ro"],"_links":{"self":[{"href":"https:\/\/analyse.optim.biz\/index.php?rest_route=\/wp\/v2\/posts\/387070","targetHints":{"allow":["GET"]}}],"collection":[{"href":"https:\/\/analyse.optim.biz\/index.php?rest_route=\/wp\/v2\/posts"}],"about":[{"href":"https:\/\/analyse.optim.biz\/index.php?rest_route=\/wp\/v2\/types\/post"}],"author":[{"embeddable":true,"href":"https:\/\/analyse.optim.biz\/index.php?rest_route=\/wp\/v2\/users\/1"}],"replies":[{"embeddable":true,"href":"https:\/\/analyse.optim.biz\/index.php?rest_route=%2Fwp%2Fv2%2Fcomments&post=387070"}],"version-history":[{"count":0,"href":"https:\/\/analyse.optim.biz\/index.php?rest_route=\/wp\/v2\/posts\/387070\/revisions"}],"wp:attachment":[{"href":"https:\/\/analyse.optim.biz\/index.php?rest_route=%2Fwp%2Fv2%2Fmedia&parent=387070"}],"wp:term":[{"taxonomy":"category","embeddable":true,"href":"https:\/\/analyse.optim.biz\/index.php?rest_route=%2Fwp%2Fv2%2Fcategories&post=387070"},{"taxonomy":"post_tag","embeddable":true,"href":"https:\/\/analyse.optim.biz\/index.php?rest_route=%2Fwp%2Fv2%2Ftags&post=387070"}],"curies":[{"name":"wp","href":"https:\/\/api.w.org\/{rel}","templated":true}]}}