{"id":387003,"date":"2014-06-04T06:00:00","date_gmt":"2014-06-04T03:00:00","guid":{"rendered":"https:\/\/analyse.optim.biz\/?p=387003"},"modified":"2014-06-04T06:00:00","modified_gmt":"2014-06-04T03:00:00","slug":"problemele-nu-se-sfarsesc-becali-are-interzis-la-academia-lui-hagi","status":"publish","type":"post","link":"https:\/\/analyse.optim.biz\/?p=387003","title":{"rendered":"Problemele nu se sf\u00e2r\u015fesc! Becali are interzis la \u201cAcademia lui Hagi\u201d"},"content":{"rendered":"<div class=\"description\" data-key=\"description\">Gigi Becali este urm\u0103rit de ghinion! Nu mai are voie s\u0103 munceasc\u0103 la Academia de Fotbal &#8220;Gheorghe Hagi&#8221;, pe durata cercet\u0103rilor privind comportamentul s\u0103u \u00een ziua de permisie care i-a fost acordat\u0103 \u00een luna mai<\/div>\n<div class=\"articleBody\" data-key=\"articleBody\">Gigi Becali este urm\u0103rit de ghinion! Nu mai are voie s\u0103 munceasc\u0103 la Academia de Fotbal &#8220;Gheorghe Hagi&#8221;, pe durata cercet\u0103rilor privind comportamentul s\u0103u \u00een ziua de permisie care i-a fost acordat\u0103 \u00een luna mai<br \/>\n&#8220;Pe durata cercet\u0103rii disciplinare, se opre\u015fte persoana privat\u0103 de libertate de la activit\u0103\u0163ile lucrative, potrivit regulamentului&#8221;, au precizat cei de la Administra\u0163ia Na\u0163ional\u0103 a Penitenciarelor (ANP).<br \/>\nFinan\u0163atorul Stelei lucra la Academia Hagi de sf\u00e2r\u015fitul lunii aprilie, dup\u0103 ce a fost semnat un contract de angajare pentru munc\u0103 necalificat\u0103.<br \/>\nGigi Becali a fost sanc\u0163ionat de o comisie a Penitenciarului Poarta Alb\u0103 dup\u0103 ce a dat declara\u0163ii presei \u00een timpul permisiei de 24 de ore, av\u00e2nd suspendat o lun\u0103 dreptul de a primi vizite \u015fi pachete, sanc\u0163iunea fiind contestat\u0103, potrivit avocatului s\u0103u, la judec\u0103torul delegat din penitenciar\n<\/div>\n<p> Source URL: https:\/\/observatornews.ro\/politic\/problemele-nu-se-sfarsesc-becali-are-interzis-la-academia-lui-hagi-127372.html<\/p>\n","protected":false},"excerpt":{"rendered":"<p>Gigi Becali este urm\u0103rit de ghinion! Nu mai are voie s\u0103 munceasc\u0103 la Academia de Fotbal &#8220;Gheorghe Hagi&#8221;, pe durata cercet\u0103rilor privind comportamentul s\u0103u \u00een ziua de permisie care i-a fost acordat\u0103 \u00een luna mai Gigi Becali este urm\u0103rit de ghinion! Nu mai are voie s\u0103 munceasc\u0103 la Academia de Fotbal &#8220;Gheorghe Hagi&#8221;, pe durata [&hellip;]<\/p>\n","protected":false},"author":1,"featured_media":0,"comment_status":"open","ping_status":"","sticky":false,"template":"","format":"standard","meta":{"footnotes":""},"categories":[2],"tags":[30],"class_list":["post-387003","post","type-post","status-publish","format-standard","hentry","category-politics","tag-observatornews-ro"],"_links":{"self":[{"href":"https:\/\/analyse.optim.biz\/index.php?rest_route=\/wp\/v2\/posts\/387003","targetHints":{"allow":["GET"]}}],"collection":[{"href":"https:\/\/analyse.optim.biz\/index.php?rest_route=\/wp\/v2\/posts"}],"about":[{"href":"https:\/\/analyse.optim.biz\/index.php?rest_route=\/wp\/v2\/types\/post"}],"author":[{"embeddable":true,"href":"https:\/\/analyse.optim.biz\/index.php?rest_route=\/wp\/v2\/users\/1"}],"replies":[{"embeddable":true,"href":"https:\/\/analyse.optim.biz\/index.php?rest_route=%2Fwp%2Fv2%2Fcomments&post=387003"}],"version-history":[{"count":0,"href":"https:\/\/analyse.optim.biz\/index.php?rest_route=\/wp\/v2\/posts\/387003\/revisions"}],"wp:attachment":[{"href":"https:\/\/analyse.optim.biz\/index.php?rest_route=%2Fwp%2Fv2%2Fmedia&parent=387003"}],"wp:term":[{"taxonomy":"category","embeddable":true,"href":"https:\/\/analyse.optim.biz\/index.php?rest_route=%2Fwp%2Fv2%2Fcategories&post=387003"},{"taxonomy":"post_tag","embeddable":true,"href":"https:\/\/analyse.optim.biz\/index.php?rest_route=%2Fwp%2Fv2%2Ftags&post=387003"}],"curies":[{"name":"wp","href":"https:\/\/api.w.org\/{rel}","templated":true}]}}