{"id":387001,"date":"2014-06-07T18:00:00","date_gmt":"2014-06-07T15:00:00","guid":{"rendered":"https:\/\/analyse.optim.biz\/?p=387001"},"modified":"2014-06-07T18:00:00","modified_gmt":"2014-06-07T15:00:00","slug":"elena-udrea-este-sefa-pmp","status":"publish","type":"post","link":"https:\/\/analyse.optim.biz\/?p=387001","title":{"rendered":"Elena Udrea este \u0219efa PMP!"},"content":{"rendered":"<div class=\"description\" data-key=\"description\">Elena Udrea a fost aleas\u0103 s\u00e2mb\u0103t\u0103 pre\u015fedinte al Partidului Mi\u015fcarea Popular\u0103 (PMP) la Congresul forma\u0163iunii care se desf\u0103\u015foar\u0103 la Palatul Parlamentului, ob\u0163in\u00e2nd 742 de voturi pentru, iar contracandidatul s\u0103u Daniel Funeriu numai 209 voturi<\/div>\n<div class=\"articleBody\" data-key=\"articleBody\">Elena Udrea a fost aleas\u0103 s\u00e2mb\u0103t\u0103 pre\u015fedinte al Partidului Mi\u015fcarea Popular\u0103 (PMP) la Congresul forma\u0163iunii care se desf\u0103\u015foar\u0103 la Palatul Parlamentului, ob\u0163in\u00e2nd 742 de voturi pentru, iar contracandidatul s\u0103u Daniel Funeriu numai 209 voturi\u00a0<br \/>\nPotrivit edi\u021biei online a cotidianului &#8220;Jurnalul Na\u021bional&#8221;,\u00a0Pentru alegerea pre\u015fedintelui PMP au votat 964 de delega\u0163i, 951 de voturi fiind valide, iar 13 voturi au fost anulate.<br \/>\nElena Udrea a ad\u0103ugat c\u0103 Cristian Diaconescu va fi candidatul Partidului Mi\u015fc\u0103rii Populare (PMP) la alegerile preziden\u0163iale.<br \/>\nCristian Diaconescu a mul\u0163umit pentru onoarea f\u0103cut\u0103 \u015fi a ad\u0103ugat c\u0103 accept\u0103 propunerea cu sprijinul \u015fi munca tuturor.<\/div>\n<p> Source URL: https:\/\/observatornews.ro\/politic\/elena-udrea-este-efa-pmp-127613.html<\/p>\n","protected":false},"excerpt":{"rendered":"<p>Elena Udrea a fost aleas\u0103 s\u00e2mb\u0103t\u0103 pre\u015fedinte al Partidului Mi\u015fcarea Popular\u0103 (PMP) la Congresul forma\u0163iunii care se desf\u0103\u015foar\u0103 la Palatul Parlamentului, ob\u0163in\u00e2nd 742 de voturi pentru, iar contracandidatul s\u0103u Daniel Funeriu numai 209 voturi Elena Udrea a fost aleas\u0103 s\u00e2mb\u0103t\u0103 pre\u015fedinte al Partidului Mi\u015fcarea Popular\u0103 (PMP) la Congresul forma\u0163iunii care se desf\u0103\u015foar\u0103 la Palatul Parlamentului, [&hellip;]<\/p>\n","protected":false},"author":1,"featured_media":0,"comment_status":"open","ping_status":"","sticky":false,"template":"","format":"standard","meta":{"footnotes":""},"categories":[2],"tags":[30],"class_list":["post-387001","post","type-post","status-publish","format-standard","hentry","category-politics","tag-observatornews-ro"],"_links":{"self":[{"href":"https:\/\/analyse.optim.biz\/index.php?rest_route=\/wp\/v2\/posts\/387001","targetHints":{"allow":["GET"]}}],"collection":[{"href":"https:\/\/analyse.optim.biz\/index.php?rest_route=\/wp\/v2\/posts"}],"about":[{"href":"https:\/\/analyse.optim.biz\/index.php?rest_route=\/wp\/v2\/types\/post"}],"author":[{"embeddable":true,"href":"https:\/\/analyse.optim.biz\/index.php?rest_route=\/wp\/v2\/users\/1"}],"replies":[{"embeddable":true,"href":"https:\/\/analyse.optim.biz\/index.php?rest_route=%2Fwp%2Fv2%2Fcomments&post=387001"}],"version-history":[{"count":0,"href":"https:\/\/analyse.optim.biz\/index.php?rest_route=\/wp\/v2\/posts\/387001\/revisions"}],"wp:attachment":[{"href":"https:\/\/analyse.optim.biz\/index.php?rest_route=%2Fwp%2Fv2%2Fmedia&parent=387001"}],"wp:term":[{"taxonomy":"category","embeddable":true,"href":"https:\/\/analyse.optim.biz\/index.php?rest_route=%2Fwp%2Fv2%2Fcategories&post=387001"},{"taxonomy":"post_tag","embeddable":true,"href":"https:\/\/analyse.optim.biz\/index.php?rest_route=%2Fwp%2Fv2%2Ftags&post=387001"}],"curies":[{"name":"wp","href":"https:\/\/api.w.org\/{rel}","templated":true}]}}