{"id":386971,"date":"2014-06-10T14:22:00","date_gmt":"2014-06-10T11:22:00","guid":{"rendered":"https:\/\/analyse.optim.biz\/?p=386971"},"modified":"2014-06-10T14:22:00","modified_gmt":"2014-06-10T11:22:00","slug":"udmr-nu-vrea-intrarea-pp-dd-la-guvernare-kelemen-ar-fi-un-dezastru","status":"publish","type":"post","link":"https:\/\/analyse.optim.biz\/?p=386971","title":{"rendered":"UDMR nu vrea intrarea PP-DD la guvernare. Kelemen: &#8220;Ar fi un dezastru!&#8221;"},"content":{"rendered":"<div class=\"description\" data-key=\"description\">UDMR nu vrea intrarea PP-DD la guvernare. &#8220;Din punct de vedere al imaginii, intrarea PP-DD la guvernare ar fi un dezastru!&#8221;, a declarat pre\u015fedintele Uniunii, Kelemen Hunor<\/div>\n<div class=\"articleBody\" data-key=\"articleBody\">UDMR nu vrea intrarea PP-DD la guvernare. &#8220;Din punct de vedere al imaginii, intrarea PP-DD la guvernare ar fi un dezastru!&#8221;, a declarat pre\u015fedintele Uniunii, Kelemen Hunor<br \/>\nKelemen Hunor a explicat, dup\u0103 \u015fedin\u0163a coali\u0163iei de guvernare, c\u0103, din punctul s\u0103u de vedere, cooptarea PPDD la guvernare ar fi un dezastru, ca imagine, \u015fi c\u0103 nu este de acord cu aceasta, el preciz\u00e2nd c\u0103 f\u0103r\u0103 votul coali\u0163iei nu ar trece de Parlament o astfel de formul\u0103, scriu cei de la Mediafax.<br \/>\n\u00centrebat dac\u0103, din punctul s\u0103u de vedere, ar fi oportun\u0103 cooptarea PPDD la guvernare, pre\u015fedintele UDMR a spus: &#8220;Din punctul meu de vedere, nu. Dar acesta este punctual meu de vedere, fiindc\u0103, din punctul de vedere al imaginii, ar fi un dezastru. \u015ei nici nu este nevoie&#8221;.<br \/>\nEl a ad\u0103ugat c\u0103, la nivel local, fiecare face \u00een\u0163elegeri, dar &#8220;la nivel guvernamental, \u00een coali\u0163ie, a spus public c\u0103 nu este de acord, pentru c\u0103 ar fi o gre\u015feal\u0103&#8221;. Acesta a precizat c\u0103 premierul nu a solicitat votul UDMR \u015fi nici acordul partidului, pentru c\u0103 au fost ni\u015fte discu\u0163ii mai mult pentru autorit\u0103\u0163ile locale.<br \/>\n\u00cen schimb, premierul Victor Ponta a declarat c\u0103 nu \u0219tie nimic despre stadiul negocierilor cu PP-DD. &#8220;\u00centreba\u021bi-l pe domnul Dragnea&#8221;, le-a spus jurnali\u0219tilor.\n<\/div>\n<p> Source URL: https:\/\/observatornews.ro\/politic\/udmr-nu-vrea-intrarea-ppdd-la-guvernare-kelemen-ar-fi-un-dezastru-127795.html<\/p>\n","protected":false},"excerpt":{"rendered":"<p>UDMR nu vrea intrarea PP-DD la guvernare. &#8220;Din punct de vedere al imaginii, intrarea PP-DD la guvernare ar fi un dezastru!&#8221;, a declarat pre\u015fedintele Uniunii, Kelemen Hunor UDMR nu vrea intrarea PP-DD la guvernare. &#8220;Din punct de vedere al imaginii, intrarea PP-DD la guvernare ar fi un dezastru!&#8221;, a declarat pre\u015fedintele Uniunii, Kelemen Hunor Kelemen [&hellip;]<\/p>\n","protected":false},"author":1,"featured_media":0,"comment_status":"open","ping_status":"","sticky":false,"template":"","format":"standard","meta":{"footnotes":""},"categories":[2],"tags":[30],"class_list":["post-386971","post","type-post","status-publish","format-standard","hentry","category-politics","tag-observatornews-ro"],"_links":{"self":[{"href":"https:\/\/analyse.optim.biz\/index.php?rest_route=\/wp\/v2\/posts\/386971","targetHints":{"allow":["GET"]}}],"collection":[{"href":"https:\/\/analyse.optim.biz\/index.php?rest_route=\/wp\/v2\/posts"}],"about":[{"href":"https:\/\/analyse.optim.biz\/index.php?rest_route=\/wp\/v2\/types\/post"}],"author":[{"embeddable":true,"href":"https:\/\/analyse.optim.biz\/index.php?rest_route=\/wp\/v2\/users\/1"}],"replies":[{"embeddable":true,"href":"https:\/\/analyse.optim.biz\/index.php?rest_route=%2Fwp%2Fv2%2Fcomments&post=386971"}],"version-history":[{"count":0,"href":"https:\/\/analyse.optim.biz\/index.php?rest_route=\/wp\/v2\/posts\/386971\/revisions"}],"wp:attachment":[{"href":"https:\/\/analyse.optim.biz\/index.php?rest_route=%2Fwp%2Fv2%2Fmedia&parent=386971"}],"wp:term":[{"taxonomy":"category","embeddable":true,"href":"https:\/\/analyse.optim.biz\/index.php?rest_route=%2Fwp%2Fv2%2Fcategories&post=386971"},{"taxonomy":"post_tag","embeddable":true,"href":"https:\/\/analyse.optim.biz\/index.php?rest_route=%2Fwp%2Fv2%2Ftags&post=386971"}],"curies":[{"name":"wp","href":"https:\/\/api.w.org\/{rel}","templated":true}]}}