{"id":386970,"date":"2014-06-11T19:48:00","date_gmt":"2014-06-11T16:48:00","guid":{"rendered":"https:\/\/analyse.optim.biz\/?p=386970"},"modified":"2014-06-11T19:48:00","modified_gmt":"2014-06-11T16:48:00","slug":"omul-de-afaceri-dan-adamescu-ramane-in-arest","status":"publish","type":"post","link":"https:\/\/analyse.optim.biz\/?p=386970","title":{"rendered":"Omul de afaceri Dan Adamescu r\u0103m\u00e2ne \u00een arest"},"content":{"rendered":"<div class=\"description\" data-key=\"description\">Omul de afaceri Dan Adamescu, arestat \u00een dosarul \u00een care este acuzat c\u0103 le-ar fi dat mit\u0103 20.000 de euro judec\u0103torilor Ion Stanciu \u015fi Elena Roven\u0163a, r\u0103m\u00e2ne \u00een deten\u0163ie<\/div>\n<div class=\"articleBody\" data-key=\"articleBody\">Omul de afaceri Dan Adamescu, arestat \u00een dosarul \u00een care este acuzat c\u0103 le-ar fi dat mit\u0103 20.000 de euro judec\u0103torilor Ion Stanciu \u015fi Elena Roven\u0163a, r\u0103m\u00e2ne \u00een deten\u0163ie<br \/>\nDecizia \u00cenaltei Cur\u0163i de Casa\u0163ie \u015fi Justi\u0163ie (ICCJ) este definitiv\u0103.<br \/>\nCurtea de Apel Bucure\u015fti a decis, \u00een 6 iunie, arestarea preventiv\u0103 a lui Dan Adamescu, \u00een dosarul \u00een care acesta este acuzat c\u0103 le-ar fi dat mit\u0103 20.000 de euro judec\u0103torilor Ion Stanciu \u015fi Elena Roven\u0163a, pentru ca ace\u015ftia s\u0103 dispun\u0103 \u00een dosare de insolven\u0163\u0103 solu\u0163ii favorabile unor firme la care omul de afaceri era ac\u0163ionar.\n<\/div>\n<p> Source URL: https:\/\/observatornews.ro\/politic\/omul-de-afaceri-dan-adamescu-ramane-in-arest-127935.html<\/p>\n","protected":false},"excerpt":{"rendered":"<p>Omul de afaceri Dan Adamescu, arestat \u00een dosarul \u00een care este acuzat c\u0103 le-ar fi dat mit\u0103 20.000 de euro judec\u0103torilor Ion Stanciu \u015fi Elena Roven\u0163a, r\u0103m\u00e2ne \u00een deten\u0163ie Omul de afaceri Dan Adamescu, arestat \u00een dosarul \u00een care este acuzat c\u0103 le-ar fi dat mit\u0103 20.000 de euro judec\u0103torilor Ion Stanciu \u015fi Elena Roven\u0163a, [&hellip;]<\/p>\n","protected":false},"author":1,"featured_media":0,"comment_status":"open","ping_status":"","sticky":false,"template":"","format":"standard","meta":{"footnotes":""},"categories":[2],"tags":[30],"class_list":["post-386970","post","type-post","status-publish","format-standard","hentry","category-politics","tag-observatornews-ro"],"_links":{"self":[{"href":"https:\/\/analyse.optim.biz\/index.php?rest_route=\/wp\/v2\/posts\/386970","targetHints":{"allow":["GET"]}}],"collection":[{"href":"https:\/\/analyse.optim.biz\/index.php?rest_route=\/wp\/v2\/posts"}],"about":[{"href":"https:\/\/analyse.optim.biz\/index.php?rest_route=\/wp\/v2\/types\/post"}],"author":[{"embeddable":true,"href":"https:\/\/analyse.optim.biz\/index.php?rest_route=\/wp\/v2\/users\/1"}],"replies":[{"embeddable":true,"href":"https:\/\/analyse.optim.biz\/index.php?rest_route=%2Fwp%2Fv2%2Fcomments&post=386970"}],"version-history":[{"count":0,"href":"https:\/\/analyse.optim.biz\/index.php?rest_route=\/wp\/v2\/posts\/386970\/revisions"}],"wp:attachment":[{"href":"https:\/\/analyse.optim.biz\/index.php?rest_route=%2Fwp%2Fv2%2Fmedia&parent=386970"}],"wp:term":[{"taxonomy":"category","embeddable":true,"href":"https:\/\/analyse.optim.biz\/index.php?rest_route=%2Fwp%2Fv2%2Fcategories&post=386970"},{"taxonomy":"post_tag","embeddable":true,"href":"https:\/\/analyse.optim.biz\/index.php?rest_route=%2Fwp%2Fv2%2Ftags&post=386970"}],"curies":[{"name":"wp","href":"https:\/\/api.w.org\/{rel}","templated":true}]}}