{"id":386969,"date":"2014-06-12T19:09:00","date_gmt":"2014-06-12T16:09:00","guid":{"rendered":"https:\/\/analyse.optim.biz\/?p=386969"},"modified":"2014-06-12T19:09:00","modified_gmt":"2014-06-12T16:09:00","slug":"nati-meir-condamnat-la-sapte-ani-de-inchisoare-pentru-inselaciune","status":"publish","type":"post","link":"https:\/\/analyse.optim.biz\/?p=386969","title":{"rendered":"Nati Meir, condamnat la \u015fapte ani de \u00eenchisoare pentru \u00een\u015fel\u0103ciune!"},"content":{"rendered":"<div class=\"description\" data-key=\"description\">Curtea de Apel Bucure\u015fti l-a condamnat definitiv pe fostul deputat Nati Meir la \u015fapte ani de \u00eenchisoare cu excutare, \u00een dosarul \u00een care este acuzat de \u00een\u015felarea a 35 de persoane, c\u0103rora le-a promis c\u0103 le trimite la munc\u0103 \u00een Israel<\/div>\n<div class=\"articleBody\" data-key=\"articleBody\">Curtea de Apel Bucure\u015fti l-a condamnat definitiv pe fostul deputat Nati Meir la \u015fapte ani de \u00eenchisoare cu excutare, \u00een dosarul \u00een care este acuzat de \u00een\u015felarea a 35 de persoane, c\u0103rora le-a promis c\u0103 le trimite la munc\u0103 \u00een Israel<br \/>\nPrin decizia de ast\u0103zi s-a dispus \u015fi contopirea acestei pedepse cu cea primit\u0103 de fostul deputat \u00eentr-un alt dosar de \u00een\u015fel\u0103ciune, \u00een care Nati Meir a fost condamnat tot la \u015fapte ani pentru c\u0103 a p\u0103c\u0103lit opt persoane, pe care a \u00eencercat s\u0103 le pl\u0103teasc\u0103 pentru anumite servicii cu bancnote specimen.<br \/>\nTotodat\u0103, a fost ad\u0103ugat un spor de pedeaps\u0103 de un an, astfel \u00eenc\u00e2t el are de executat \u00een final opt ani de \u00eenchisoare.<br \/>\nMeir pretindea suma de 800 lei drept tax\u0103 de \u00eenscriere \u015fi alte sume ce variau \u00eentre 250 \u015fi 3.700 de euro de la fiecare persoan\u0103 pentru a le facilita ob\u0163inerea vizei de lucru \u015fi angajarea acestora la societ\u0103\u0163i din Israel, \u00een realitate, neexist\u00e2nd nicio baz\u0103 contractual\u0103 care s\u0103 permit\u0103 realizarea acestui fapt.<br \/>\nDe asemenea, potrivit deciziei instan\u0163ei, nu mai are dreptul de a fi ales \u015fi de a ocupa o func\u0163ie care implic\u0103 exerci\u0163iul autorit\u0103\u0163ii de stat, at\u00e2t pe perioada execut\u0103rii condamn\u0103rii, c\u00e2t \u015fi timp de patru ani dup\u0103 isp\u0103\u015firea pedepsei.<\/div>\n<p> Source URL: https:\/\/observatornews.ro\/politic\/nati-meir-condamnat-la-sapte-ani-de-inchisoare-pentru-inselaciune-128025.html<\/p>\n","protected":false},"excerpt":{"rendered":"<p>Curtea de Apel Bucure\u015fti l-a condamnat definitiv pe fostul deputat Nati Meir la \u015fapte ani de \u00eenchisoare cu excutare, \u00een dosarul \u00een care este acuzat de \u00een\u015felarea a 35 de persoane, c\u0103rora le-a promis c\u0103 le trimite la munc\u0103 \u00een Israel Curtea de Apel Bucure\u015fti l-a condamnat definitiv pe fostul deputat Nati Meir la \u015fapte [&hellip;]<\/p>\n","protected":false},"author":1,"featured_media":0,"comment_status":"open","ping_status":"","sticky":false,"template":"","format":"standard","meta":{"footnotes":""},"categories":[2],"tags":[30],"class_list":["post-386969","post","type-post","status-publish","format-standard","hentry","category-politics","tag-observatornews-ro"],"_links":{"self":[{"href":"https:\/\/analyse.optim.biz\/index.php?rest_route=\/wp\/v2\/posts\/386969","targetHints":{"allow":["GET"]}}],"collection":[{"href":"https:\/\/analyse.optim.biz\/index.php?rest_route=\/wp\/v2\/posts"}],"about":[{"href":"https:\/\/analyse.optim.biz\/index.php?rest_route=\/wp\/v2\/types\/post"}],"author":[{"embeddable":true,"href":"https:\/\/analyse.optim.biz\/index.php?rest_route=\/wp\/v2\/users\/1"}],"replies":[{"embeddable":true,"href":"https:\/\/analyse.optim.biz\/index.php?rest_route=%2Fwp%2Fv2%2Fcomments&post=386969"}],"version-history":[{"count":0,"href":"https:\/\/analyse.optim.biz\/index.php?rest_route=\/wp\/v2\/posts\/386969\/revisions"}],"wp:attachment":[{"href":"https:\/\/analyse.optim.biz\/index.php?rest_route=%2Fwp%2Fv2%2Fmedia&parent=386969"}],"wp:term":[{"taxonomy":"category","embeddable":true,"href":"https:\/\/analyse.optim.biz\/index.php?rest_route=%2Fwp%2Fv2%2Fcategories&post=386969"},{"taxonomy":"post_tag","embeddable":true,"href":"https:\/\/analyse.optim.biz\/index.php?rest_route=%2Fwp%2Fv2%2Ftags&post=386969"}],"curies":[{"name":"wp","href":"https:\/\/api.w.org\/{rel}","templated":true}]}}