{"id":386923,"date":"2014-06-19T19:40:00","date_gmt":"2014-06-19T16:40:00","guid":{"rendered":"https:\/\/analyse.optim.biz\/?p=386923"},"modified":"2014-06-19T19:40:00","modified_gmt":"2014-06-19T16:40:00","slug":"purtatorul-de-cuvant-al-lui-traian-basescu-vorbeste-despre-posibila-demisie-a-presedintelui","status":"publish","type":"post","link":"https:\/\/analyse.optim.biz\/?p=386923","title":{"rendered":"Purt\u0103torul de cuv\u00e2nt al lui Traian B\u0103sescu vorbe\u015fte despre posibila demisie a pre\u015fedintelui"},"content":{"rendered":"<div class=\"description\" data-key=\"description\">Dup\u0103 ce Mircea B\u0103sescu a fost re\u0163inut, purt\u0103torul de cuv\u00e2nt al lui Traian B\u0103sescu, Bogdan Oprea, a declarat c\u0103 &#8220;demisia \u015fefului statului ar fi cea mai mare piedic\u0103 pus\u0103 justi\u0163iei\u201d.<\/div>\n<div class=\"articleBody\" data-key=\"articleBody\">\u00a0Dup\u0103 ce Mircea B\u0103sescu a fost re\u0163inut, purt\u0103torul de cuv\u00e2nt al lui Traian B\u0103sescu, Bogdan Oprea, a declarat c\u0103 &#8220;demisia \u015fefului statului ar fi cea mai mare piedic\u0103 pus\u0103 justi\u0163iei\u201d.<br \/>\n&#8220;Prim-ministrul Rom\u00e2niei, domnul Victor Ponta, a declarat c\u0103 cel mai mare ajutor pe care pre\u015fedintele Rom\u00e2niei, domnul Traian B\u0103sescu, l-ar putea da prestigiului justi\u0163iei rom\u00e2ne\u015fti ar fi s\u0103 demisioneze din func\u0163ie. Pentru oricine a tr\u0103it \u00een Rom\u00e2nia ultimilor doi ani este evident c\u0103 demisia domnului pre\u015fedinte Traian B\u0103sescu ar fi cea mai mare piedic\u0103 pe care ar putea-o pune justi\u0163iei rom\u00e2ne\u015fti&#8221;, se arat\u0103 \u00eentr-o declara\u0163ie a purt\u0103torului de cuv\u00e2nt al pre\u015fedintelui Rom\u00e2niei.<br \/>\nDe asemenea, Oprea men\u0163ioneaz\u0103 faptul c\u0103, astfel i s-ar crea culoar spre Cotroceni tocmai premierului Victor Ponta, &#8220;cel care, din \u00eenalta pozi\u0163ie public\u0103 \u00een care se afla, i-a ap\u0103rat public f\u0103r\u0103 nicio ezitare pe to\u0163i colegii de partid care au fost chema\u0163i \u00een fa\u0163a justi\u0163iei&#8221;.<\/div>\n<p> Source URL: https:\/\/observatornews.ro\/politic\/purtatorul-de-cuvant-al-lui-traian-basescu-vorbeste-despre-posibila-demisie-a-presedintelui-128562.html<\/p>\n","protected":false},"excerpt":{"rendered":"<p>Dup\u0103 ce Mircea B\u0103sescu a fost re\u0163inut, purt\u0103torul de cuv\u00e2nt al lui Traian B\u0103sescu, Bogdan Oprea, a declarat c\u0103 &#8220;demisia \u015fefului statului ar fi cea mai mare piedic\u0103 pus\u0103 justi\u0163iei\u201d. \u00a0Dup\u0103 ce Mircea B\u0103sescu a fost re\u0163inut, purt\u0103torul de cuv\u00e2nt al lui Traian B\u0103sescu, Bogdan Oprea, a declarat c\u0103 &#8220;demisia \u015fefului statului ar fi cea [&hellip;]<\/p>\n","protected":false},"author":1,"featured_media":0,"comment_status":"open","ping_status":"","sticky":false,"template":"","format":"standard","meta":{"footnotes":""},"categories":[2],"tags":[30],"class_list":["post-386923","post","type-post","status-publish","format-standard","hentry","category-politics","tag-observatornews-ro"],"_links":{"self":[{"href":"https:\/\/analyse.optim.biz\/index.php?rest_route=\/wp\/v2\/posts\/386923","targetHints":{"allow":["GET"]}}],"collection":[{"href":"https:\/\/analyse.optim.biz\/index.php?rest_route=\/wp\/v2\/posts"}],"about":[{"href":"https:\/\/analyse.optim.biz\/index.php?rest_route=\/wp\/v2\/types\/post"}],"author":[{"embeddable":true,"href":"https:\/\/analyse.optim.biz\/index.php?rest_route=\/wp\/v2\/users\/1"}],"replies":[{"embeddable":true,"href":"https:\/\/analyse.optim.biz\/index.php?rest_route=%2Fwp%2Fv2%2Fcomments&post=386923"}],"version-history":[{"count":0,"href":"https:\/\/analyse.optim.biz\/index.php?rest_route=\/wp\/v2\/posts\/386923\/revisions"}],"wp:attachment":[{"href":"https:\/\/analyse.optim.biz\/index.php?rest_route=%2Fwp%2Fv2%2Fmedia&parent=386923"}],"wp:term":[{"taxonomy":"category","embeddable":true,"href":"https:\/\/analyse.optim.biz\/index.php?rest_route=%2Fwp%2Fv2%2Fcategories&post=386923"},{"taxonomy":"post_tag","embeddable":true,"href":"https:\/\/analyse.optim.biz\/index.php?rest_route=%2Fwp%2Fv2%2Ftags&post=386923"}],"curies":[{"name":"wp","href":"https:\/\/api.w.org\/{rel}","templated":true}]}}