{"id":386893,"date":"2014-06-24T16:12:00","date_gmt":"2014-06-24T13:12:00","guid":{"rendered":"https:\/\/analyse.optim.biz\/?p=386893"},"modified":"2014-06-24T16:12:00","modified_gmt":"2014-06-24T13:12:00","slug":"ioan-rus-propunerea-pentru-functia-ministru-al-transporturilor","status":"publish","type":"post","link":"https:\/\/analyse.optim.biz\/?p=386893","title":{"rendered":"Ioan Rus, propunerea pentru func\u021bia ministru al Transporturilor!"},"content":{"rendered":"<div class=\"description\" data-key=\"description\">Politicianul clujean \u00eel va \u00eenlocui pe Dan \u0218ova, cel care \u0219i-a prezentat azi demisia pentru a deveni \u0219eful de campanie al viitorului candidat USD la pre\u0219edin\u021bie<\/div>\n<div class=\"articleBody\" data-key=\"articleBody\">Politicianul clujean \u00eel va \u00eenlocui pe Dan \u0218ova, cel care \u0219i-a prezentat azi demisia pentru a deveni \u0219eful de campanie al viitorului candidat USD la pre\u0219edin\u021bie\u00a0<br \/>\nSchimb\u0103ri la palatul Victoria. Premierul Victor Ponta a anun\u021bat ast\u0103zi numele propunerii pentru preluarea mandatului de ministru al Transporturilor dup\u0103 ce Dan \u0218ova a demisionat, l\u0103s\u00e2nd locul vacant. Astfel noul membru al Guvernului va fi, cel mai probabil, Ioan Rus, variant\u0103 agreat\u0103 de liderii coali\u021biei guvernamentale.<br \/>\n\u00cen acela\u0219i timp, ministrul demisionar Dan \u0218ova va fi \u0219eful de campanie al viitorului candidat la pre\u0219edin\u021bie al Alian\u021bei USD!\u00a0<\/div>\n<p> Source URL: https:\/\/observatornews.ro\/politic\/ioan-rus-este-noul-ministru-al-transporturilor-128900.html<\/p>\n","protected":false},"excerpt":{"rendered":"<p>Politicianul clujean \u00eel va \u00eenlocui pe Dan \u0218ova, cel care \u0219i-a prezentat azi demisia pentru a deveni \u0219eful de campanie al viitorului candidat USD la pre\u0219edin\u021bie Politicianul clujean \u00eel va \u00eenlocui pe Dan \u0218ova, cel care \u0219i-a prezentat azi demisia pentru a deveni \u0219eful de campanie al viitorului candidat USD la pre\u0219edin\u021bie\u00a0 Schimb\u0103ri la palatul [&hellip;]<\/p>\n","protected":false},"author":1,"featured_media":0,"comment_status":"open","ping_status":"","sticky":false,"template":"","format":"standard","meta":{"footnotes":""},"categories":[2],"tags":[30],"class_list":["post-386893","post","type-post","status-publish","format-standard","hentry","category-politics","tag-observatornews-ro"],"_links":{"self":[{"href":"https:\/\/analyse.optim.biz\/index.php?rest_route=\/wp\/v2\/posts\/386893","targetHints":{"allow":["GET"]}}],"collection":[{"href":"https:\/\/analyse.optim.biz\/index.php?rest_route=\/wp\/v2\/posts"}],"about":[{"href":"https:\/\/analyse.optim.biz\/index.php?rest_route=\/wp\/v2\/types\/post"}],"author":[{"embeddable":true,"href":"https:\/\/analyse.optim.biz\/index.php?rest_route=\/wp\/v2\/users\/1"}],"replies":[{"embeddable":true,"href":"https:\/\/analyse.optim.biz\/index.php?rest_route=%2Fwp%2Fv2%2Fcomments&post=386893"}],"version-history":[{"count":0,"href":"https:\/\/analyse.optim.biz\/index.php?rest_route=\/wp\/v2\/posts\/386893\/revisions"}],"wp:attachment":[{"href":"https:\/\/analyse.optim.biz\/index.php?rest_route=%2Fwp%2Fv2%2Fmedia&parent=386893"}],"wp:term":[{"taxonomy":"category","embeddable":true,"href":"https:\/\/analyse.optim.biz\/index.php?rest_route=%2Fwp%2Fv2%2Fcategories&post=386893"},{"taxonomy":"post_tag","embeddable":true,"href":"https:\/\/analyse.optim.biz\/index.php?rest_route=%2Fwp%2Fv2%2Ftags&post=386893"}],"curies":[{"name":"wp","href":"https:\/\/api.w.org\/{rel}","templated":true}]}}