{"id":386851,"date":"2014-06-27T14:04:00","date_gmt":"2014-06-27T11:04:00","guid":{"rendered":"https:\/\/analyse.optim.biz\/?p=386851"},"modified":"2014-06-27T14:04:00","modified_gmt":"2014-06-27T11:04:00","slug":"mircea-basescu-ramane-in-arest","status":"publish","type":"post","link":"https:\/\/analyse.optim.biz\/?p=386851","title":{"rendered":"Mircea B\u0103sescu r\u0103m\u00e2ne \u00een arest!"},"content":{"rendered":"<div class=\"description\" data-key=\"description\">Fratele pre\u0219edintelui \u015fi Marian C\u0103p\u0103\u0163\u00e2n\u0103 r\u0103m\u00e2n \u00een arest, a decis definitiv, vineri, Curtea de Apel Bucure\u015fti, care a respins contesta\u0163iile celor doi fa\u0163\u0103 de m\u0103sura preventiv\u0103 dispus\u0103 \u00een dosarul traficului de influen\u0163\u0103 ce ar fi fost f\u0103cut pentru ca interlopul Bercea Mondial s\u0103 scape de \u00eenchisoare, informeaz\u0103 Mediafax<\/div>\n<div class=\"articleBody\" data-key=\"articleBody\">Fratele pre\u0219edintelui \u015fi Marian C\u0103p\u0103\u0163\u00e2n\u0103 r\u0103m\u00e2n \u00een arest, a decis definitiv, vineri, Curtea de Apel Bucure\u015fti, care a respins contesta\u0163iile celor doi fa\u0163\u0103 de m\u0103sura preventiv\u0103 dispus\u0103 \u00een dosarul traficului de influen\u0163\u0103 ce ar fi fost f\u0103cut pentru ca interlopul Bercea Mondial s\u0103 scape de \u00eenchisoare, informeaz\u0103 Mediafax\u00a0<\/div>\n<p> Source URL: https:\/\/observatornews.ro\/politic\/mircea-basescu-ramane-in-arest-129146.html<\/p>\n","protected":false},"excerpt":{"rendered":"<p>Fratele pre\u0219edintelui \u015fi Marian C\u0103p\u0103\u0163\u00e2n\u0103 r\u0103m\u00e2n \u00een arest, a decis definitiv, vineri, Curtea de Apel Bucure\u015fti, care a respins contesta\u0163iile celor doi fa\u0163\u0103 de m\u0103sura preventiv\u0103 dispus\u0103 \u00een dosarul traficului de influen\u0163\u0103 ce ar fi fost f\u0103cut pentru ca interlopul Bercea Mondial s\u0103 scape de \u00eenchisoare, informeaz\u0103 Mediafax Fratele pre\u0219edintelui \u015fi Marian C\u0103p\u0103\u0163\u00e2n\u0103 r\u0103m\u00e2n \u00een [&hellip;]<\/p>\n","protected":false},"author":1,"featured_media":0,"comment_status":"open","ping_status":"","sticky":false,"template":"","format":"standard","meta":{"footnotes":""},"categories":[2],"tags":[30],"class_list":["post-386851","post","type-post","status-publish","format-standard","hentry","category-politics","tag-observatornews-ro"],"_links":{"self":[{"href":"https:\/\/analyse.optim.biz\/index.php?rest_route=\/wp\/v2\/posts\/386851","targetHints":{"allow":["GET"]}}],"collection":[{"href":"https:\/\/analyse.optim.biz\/index.php?rest_route=\/wp\/v2\/posts"}],"about":[{"href":"https:\/\/analyse.optim.biz\/index.php?rest_route=\/wp\/v2\/types\/post"}],"author":[{"embeddable":true,"href":"https:\/\/analyse.optim.biz\/index.php?rest_route=\/wp\/v2\/users\/1"}],"replies":[{"embeddable":true,"href":"https:\/\/analyse.optim.biz\/index.php?rest_route=%2Fwp%2Fv2%2Fcomments&post=386851"}],"version-history":[{"count":0,"href":"https:\/\/analyse.optim.biz\/index.php?rest_route=\/wp\/v2\/posts\/386851\/revisions"}],"wp:attachment":[{"href":"https:\/\/analyse.optim.biz\/index.php?rest_route=%2Fwp%2Fv2%2Fmedia&parent=386851"}],"wp:term":[{"taxonomy":"category","embeddable":true,"href":"https:\/\/analyse.optim.biz\/index.php?rest_route=%2Fwp%2Fv2%2Fcategories&post=386851"},{"taxonomy":"post_tag","embeddable":true,"href":"https:\/\/analyse.optim.biz\/index.php?rest_route=%2Fwp%2Fv2%2Ftags&post=386851"}],"curies":[{"name":"wp","href":"https:\/\/api.w.org\/{rel}","templated":true}]}}