{"id":386848,"date":"2014-07-03T12:55:00","date_gmt":"2014-07-03T09:55:00","guid":{"rendered":"https:\/\/analyse.optim.biz\/?p=386848"},"modified":"2014-07-03T12:55:00","modified_gmt":"2014-07-03T09:55:00","slug":"adrian-nastase-cere-eliberarea-conditionata","status":"publish","type":"post","link":"https:\/\/analyse.optim.biz\/?p=386848","title":{"rendered":"Adrian N\u0103stase cere ELIBERAREA CONDI\u0162IONAT\u0102"},"content":{"rendered":"<div class=\"description\" data-key=\"description\">Fostul premier a depus o cerere de eliberare condi\u0163ionat\u0103 la Comisia Penitenciarului Jilava, la doar c\u00e2teva zile dup\u0103 ce pedeapsa i-a fost extins\u0103 cu \u015fase luni<\/div>\n<div class=\"articleBody\" data-key=\"articleBody\">Fostul premier a depus o cerere de eliberare condi\u0163ionat\u0103 la Comisia Penitenciarului Jilava, la doar c\u00e2teva zile dup\u0103 ce pedeapsa i-a fost extins\u0103 cu \u015fase luni<br \/>\nAvocatul lui, Ion Cazacu, a declarat, \u00eentr-o interven\u0163ie telefonic\u0103 la Antena 3, c\u0103 cererea de eliberare a fost analizat\u0103 ast\u0103zi \u00een comisia penitenciarului. Pe 8 mai, Tribunalul Bucure\u015fti a decis ca Adrian N\u0103stase s\u0103 execute patru ani de \u00eenchisoare, f\u0103r\u0103 a-i aplica un spor de pedeaps\u0103, dup\u0103 comasarea condamn\u0103rilor primite de fostul premier \u00een dosarele &#8220;Zambaccian&#8221; \u015fi &#8220;Trofeul calit\u0103\u0163ii&#8221;.<br \/>\nFostul premier a fost acuzat \u00een dosarul &#8220;Zambaccian&#8221; pentru c\u0103, \u00een perioada 2002 &#8211; 2004, \u00een calitate de premier, ar fi primit, \u00een mod direct \u015fi prin intermediul so\u0163iei sale, Dana N\u0103stase, foloase necuvenite \u00een valoare de aproximativ 630.000 de euro la cursul de schimb 2002\/2004. Aceste foloase constau \u00een contravaloarea unor bunuri importate din China \u015fi cheltuielile aferente acestor importuri, precum \u015fi contravalorea unor lucr\u0103ri efectuate la imobilele lui N\u0103stase din localitatea Cornu \u015fi din Bucure\u015fti.\n<\/div>\n<p> Source URL: https:\/\/observatornews.ro\/politic\/adrian-nastase-cere-eliberarea-conditionata-129561.html<\/p>\n","protected":false},"excerpt":{"rendered":"<p>Fostul premier a depus o cerere de eliberare condi\u0163ionat\u0103 la Comisia Penitenciarului Jilava, la doar c\u00e2teva zile dup\u0103 ce pedeapsa i-a fost extins\u0103 cu \u015fase luni Fostul premier a depus o cerere de eliberare condi\u0163ionat\u0103 la Comisia Penitenciarului Jilava, la doar c\u00e2teva zile dup\u0103 ce pedeapsa i-a fost extins\u0103 cu \u015fase luni Avocatul lui, Ion [&hellip;]<\/p>\n","protected":false},"author":1,"featured_media":0,"comment_status":"open","ping_status":"","sticky":false,"template":"","format":"standard","meta":{"footnotes":""},"categories":[2],"tags":[30],"class_list":["post-386848","post","type-post","status-publish","format-standard","hentry","category-politics","tag-observatornews-ro"],"_links":{"self":[{"href":"https:\/\/analyse.optim.biz\/index.php?rest_route=\/wp\/v2\/posts\/386848","targetHints":{"allow":["GET"]}}],"collection":[{"href":"https:\/\/analyse.optim.biz\/index.php?rest_route=\/wp\/v2\/posts"}],"about":[{"href":"https:\/\/analyse.optim.biz\/index.php?rest_route=\/wp\/v2\/types\/post"}],"author":[{"embeddable":true,"href":"https:\/\/analyse.optim.biz\/index.php?rest_route=\/wp\/v2\/users\/1"}],"replies":[{"embeddable":true,"href":"https:\/\/analyse.optim.biz\/index.php?rest_route=%2Fwp%2Fv2%2Fcomments&post=386848"}],"version-history":[{"count":0,"href":"https:\/\/analyse.optim.biz\/index.php?rest_route=\/wp\/v2\/posts\/386848\/revisions"}],"wp:attachment":[{"href":"https:\/\/analyse.optim.biz\/index.php?rest_route=%2Fwp%2Fv2%2Fmedia&parent=386848"}],"wp:term":[{"taxonomy":"category","embeddable":true,"href":"https:\/\/analyse.optim.biz\/index.php?rest_route=%2Fwp%2Fv2%2Fcategories&post=386848"},{"taxonomy":"post_tag","embeddable":true,"href":"https:\/\/analyse.optim.biz\/index.php?rest_route=%2Fwp%2Fv2%2Ftags&post=386848"}],"curies":[{"name":"wp","href":"https:\/\/api.w.org\/{rel}","templated":true}]}}