{"id":386816,"date":"2014-07-05T10:28:00","date_gmt":"2014-07-05T07:28:00","guid":{"rendered":"https:\/\/analyse.optim.biz\/?p=386816"},"modified":"2014-07-05T10:28:00","modified_gmt":"2014-07-05T07:28:00","slug":"drama-un-lider-pnl-a-incercat-sa-se-sinucida","status":"publish","type":"post","link":"https:\/\/analyse.optim.biz\/?p=386816","title":{"rendered":"Dram\u0103! Un lider PNL A \u00ceNCERCAT S\u0102 SE SINUCID\u0102"},"content":{"rendered":"<div class=\"description\" data-key=\"description\">Adrian Ichim, liderul PNL Buhu\u015fi, a avut o tentativ\u0103 de suicid, scriu ziarele locale<\/div>\n<div class=\"articleBody\" data-key=\"articleBody\">Adrian Ichim, liderul PNL Buhu\u015fi, a avut o tentativ\u0103 de suicid, scriu ziarele locale<br \/>\nOm de afaceri, acesta gestioneaz\u0103 performant activitatea unei firme care are printre \u0163inte cre\u015fterea \u015fi \u00eengrijirea animalelor, desfacerea c\u0103rnii \u015fi a produselor din carne, dar \u015fi func\u0163ionarea unui select restaurant<br \/>\nLa ultimele alegeri locale, candid\u00e2nd pe listele PNL, a fost un candidat important pentru ocuparea fotoliului de primar. Acum, este consilier local.<br \/>\nEste c\u0103s\u0103torit, are doi fii \u015fi o fiic\u0103. Dup\u0103 o foarte scurt\u0103 \u00eent\u00e2lnire cu un grup de prieteni, le-a spus acestora, pu\u0163in misterios, c\u0103 pleac\u0103, iar dup\u0103 pu\u0163in timp, doi apropia\u0163i ai familiei au primit de la acesta telefoane ciudate, cu un ton testamentar.<br \/>\nAlertat, unul dintre prietenii s\u0103i l-a g\u0103sit la o ferm\u0103 de-a sa din Letcana-Racova, sp\u00e2nzurat cu o curea. A\u015fa \u00eenceput o lupt\u0103 contacronometru pentru salvarea acestuia. Acum, se afl\u0103 sub atenta supraveghere a medicilor.<\/p>\n<\/div>\n<p> Source URL: https:\/\/observatornews.ro\/politic\/drama-un-lider-pnl-a-incercat-sa-se-sinucida-129732.html<\/p>\n","protected":false},"excerpt":{"rendered":"<p>Adrian Ichim, liderul PNL Buhu\u015fi, a avut o tentativ\u0103 de suicid, scriu ziarele locale Adrian Ichim, liderul PNL Buhu\u015fi, a avut o tentativ\u0103 de suicid, scriu ziarele locale Om de afaceri, acesta gestioneaz\u0103 performant activitatea unei firme care are printre \u0163inte cre\u015fterea \u015fi \u00eengrijirea animalelor, desfacerea c\u0103rnii \u015fi a produselor din carne, dar \u015fi func\u0163ionarea [&hellip;]<\/p>\n","protected":false},"author":1,"featured_media":0,"comment_status":"open","ping_status":"","sticky":false,"template":"","format":"standard","meta":{"footnotes":""},"categories":[2],"tags":[30],"class_list":["post-386816","post","type-post","status-publish","format-standard","hentry","category-politics","tag-observatornews-ro"],"_links":{"self":[{"href":"https:\/\/analyse.optim.biz\/index.php?rest_route=\/wp\/v2\/posts\/386816","targetHints":{"allow":["GET"]}}],"collection":[{"href":"https:\/\/analyse.optim.biz\/index.php?rest_route=\/wp\/v2\/posts"}],"about":[{"href":"https:\/\/analyse.optim.biz\/index.php?rest_route=\/wp\/v2\/types\/post"}],"author":[{"embeddable":true,"href":"https:\/\/analyse.optim.biz\/index.php?rest_route=\/wp\/v2\/users\/1"}],"replies":[{"embeddable":true,"href":"https:\/\/analyse.optim.biz\/index.php?rest_route=%2Fwp%2Fv2%2Fcomments&post=386816"}],"version-history":[{"count":0,"href":"https:\/\/analyse.optim.biz\/index.php?rest_route=\/wp\/v2\/posts\/386816\/revisions"}],"wp:attachment":[{"href":"https:\/\/analyse.optim.biz\/index.php?rest_route=%2Fwp%2Fv2%2Fmedia&parent=386816"}],"wp:term":[{"taxonomy":"category","embeddable":true,"href":"https:\/\/analyse.optim.biz\/index.php?rest_route=%2Fwp%2Fv2%2Fcategories&post=386816"},{"taxonomy":"post_tag","embeddable":true,"href":"https:\/\/analyse.optim.biz\/index.php?rest_route=%2Fwp%2Fv2%2Ftags&post=386816"}],"curies":[{"name":"wp","href":"https:\/\/api.w.org\/{rel}","templated":true}]}}