{"id":386725,"date":"2014-07-15T14:39:00","date_gmt":"2014-07-15T11:39:00","guid":{"rendered":"https:\/\/analyse.optim.biz\/?p=386725"},"modified":"2014-07-15T14:39:00","modified_gmt":"2014-07-15T11:39:00","slug":"instanta-respinge-definitiv-arestarea-lui-nicusor-constantinescu","status":"publish","type":"post","link":"https:\/\/analyse.optim.biz\/?p=386725","title":{"rendered":"Instan\u0163a respinge definitiv arestarea lui Nicu\u015for Constantinescu!"},"content":{"rendered":"<div class=\"description\" data-key=\"description\">Contesta\u0163ia lui Nicu\u015for Constantinescu fa\u0163\u0103 de arestarea preventiv\u0103 dispus\u0103 de Tribunalul Capitalei, la propunerea DNA, a fost admis\u0103 de Curtea de Apel Bucure\u015fti (CAB), decizia fiind definitiv\u0103<\/div>\n<div class=\"articleBody\" data-key=\"articleBody\">Contesta\u0163ia lui Nicu\u015for Constantinescu fa\u0163\u0103 de arestarea preventiv\u0103 dispus\u0103 de Tribunalul Capitalei, la propunerea DNA, a fost admis\u0103 de Curtea de Apel Bucure\u015fti (CAB), decizia fiind definitiv\u0103<br \/>\nInstan\u0163a a stabilit, de asemenea, c\u0103 pre\u015fedintele Consiliului Jude\u0163ean Constan\u0163a, aflat \u00een SUA, a stat \u00een mod legal \u00een afara \u0163\u0103rii \u00eentre 18 iunie \u015fi 1 iulie.<br \/>\n\u00cen aceste condi\u0163ii, mandatul european de arestare emis pe numele lui Nicu\u0219or Constantinescu r\u0103m\u00e2ne f\u0103r\u0103 obiect. Dup\u0103 judecarea contesta\u0163iei, avoca\u0163ii lui au declarat c\u0103 viza prin care acesta mai poate r\u0103m\u00e2ne pe teritoriul SUA va expira la \u00eenceputul lunii octombrie.<br \/>\nPe de alt\u0103 parte, Consiliul Jude\u0163ean Constan\u0163a a transmis noi documente medicale pentru a demonstra c\u0103 Nicu\u015for Constantinescu nu poate fi adus \u00een Rom\u00e2nia, unul dintre documente fiind o scrisoare semnat\u0103 de un medic rom\u00e2n care sus\u0163ine c\u0103 \u015feful CJ mai are nevoie de tratament \u015fi interven\u0163ii chirurgicale.<br \/>\nAcesta a fost dat \u00een urm\u0103rire interna\u0163ional\u0103, printr-o hot\u0103r\u00e2re din 7 iulie a Tribunalului Bucure\u015fti. Nicu\u015for Constantinescu a fost trimis \u00een judecat\u0103 de procurorii anticorup\u0163ie \u00een trei dosare penale distincte. \u00centr-unul dintre ele este acuzat c\u0103 nu a asigurat finan\u0163area Centrului Militar Zonal Constan\u0163a, \u00een altul c\u0103 nu s-a supus controlului Cur\u0163ii de Conturi, iar \u00een cel de-al treilea pentru c\u0103 a atribuit nelegal terenuri.<br \/>\n\u00centr-un alt dosar, \u015feful CJ Constan\u0163a este cercetat pentru luare de mit\u0103 \u015fi nerespectarea regimului armelor \u015fi muni\u0163iilor, dup\u0103 ce \u00een casa lui au fost g\u0103site, la perchezi\u0163ii, 15 cartu\u015fe de 9 milimetri.\n<\/div>\n<p> Source URL: https:\/\/observatornews.ro\/politic\/instanta-respinge-definitiv-arestarea-lui-nicusor-constantinescu-130422.html<\/p>\n","protected":false},"excerpt":{"rendered":"<p>Contesta\u0163ia lui Nicu\u015for Constantinescu fa\u0163\u0103 de arestarea preventiv\u0103 dispus\u0103 de Tribunalul Capitalei, la propunerea DNA, a fost admis\u0103 de Curtea de Apel Bucure\u015fti (CAB), decizia fiind definitiv\u0103 Contesta\u0163ia lui Nicu\u015for Constantinescu fa\u0163\u0103 de arestarea preventiv\u0103 dispus\u0103 de Tribunalul Capitalei, la propunerea DNA, a fost admis\u0103 de Curtea de Apel Bucure\u015fti (CAB), decizia fiind definitiv\u0103 Instan\u0163a [&hellip;]<\/p>\n","protected":false},"author":1,"featured_media":0,"comment_status":"open","ping_status":"","sticky":false,"template":"","format":"standard","meta":{"footnotes":""},"categories":[2],"tags":[30],"class_list":["post-386725","post","type-post","status-publish","format-standard","hentry","category-politics","tag-observatornews-ro"],"_links":{"self":[{"href":"https:\/\/analyse.optim.biz\/index.php?rest_route=\/wp\/v2\/posts\/386725","targetHints":{"allow":["GET"]}}],"collection":[{"href":"https:\/\/analyse.optim.biz\/index.php?rest_route=\/wp\/v2\/posts"}],"about":[{"href":"https:\/\/analyse.optim.biz\/index.php?rest_route=\/wp\/v2\/types\/post"}],"author":[{"embeddable":true,"href":"https:\/\/analyse.optim.biz\/index.php?rest_route=\/wp\/v2\/users\/1"}],"replies":[{"embeddable":true,"href":"https:\/\/analyse.optim.biz\/index.php?rest_route=%2Fwp%2Fv2%2Fcomments&post=386725"}],"version-history":[{"count":0,"href":"https:\/\/analyse.optim.biz\/index.php?rest_route=\/wp\/v2\/posts\/386725\/revisions"}],"wp:attachment":[{"href":"https:\/\/analyse.optim.biz\/index.php?rest_route=%2Fwp%2Fv2%2Fmedia&parent=386725"}],"wp:term":[{"taxonomy":"category","embeddable":true,"href":"https:\/\/analyse.optim.biz\/index.php?rest_route=%2Fwp%2Fv2%2Fcategories&post=386725"},{"taxonomy":"post_tag","embeddable":true,"href":"https:\/\/analyse.optim.biz\/index.php?rest_route=%2Fwp%2Fv2%2Ftags&post=386725"}],"curies":[{"name":"wp","href":"https:\/\/api.w.org\/{rel}","templated":true}]}}