{"id":386717,"date":"2014-07-18T14:12:00","date_gmt":"2014-07-18T11:12:00","guid":{"rendered":"https:\/\/analyse.optim.biz\/?p=386717"},"modified":"2014-07-18T14:12:00","modified_gmt":"2014-07-18T11:12:00","slug":"mircea-basescu-si-marian-capatana-raman-in-arest","status":"publish","type":"post","link":"https:\/\/analyse.optim.biz\/?p=386717","title":{"rendered":"Mircea B\u0103sescu \u015fi Marian C\u0103p\u0103\u0163\u00e2n\u0103 r\u0103m\u00e2n \u00een arest!"},"content":{"rendered":"<div class=\"description\" data-key=\"description\">Magistra\u0163ii const\u0103n\u0163eni au decis ca Marian C\u0103p\u0103\u0163\u00e2n\u0103 \u015fi Mircea B\u0103sescu r\u0103m\u00e2n \u00een arest<\/div>\n<div class=\"articleBody\" data-key=\"articleBody\">Magistra\u0163ii const\u0103n\u0163eni au decis ca Marian C\u0103p\u0103\u0163\u00e2n\u0103 \u015fi Mircea B\u0103sescu r\u0103m\u00e2n \u00een arest<br \/>\nJudec\u0103torii Tribunalului Constan\u0163a au hot\u0103r\u00e2t ca cei doi s\u0103 r\u0103m\u00e2n\u0103 \u00een arest preventiv.<br \/>\n&#8220;Am invocat lipsa de temeinicie a \u00eencheierii. Judec\u0103torul sus\u0163ine c\u0103 aceast\u0103 m\u0103sur\u0103 preventiv\u0103 nu a dep\u0103\u015fit o durat\u0103 rezonabil\u0103, ori aceast\u0103 condi\u0163ie nu se reg\u0103se\u015fte printre cele ale arestului preventiv&#8221; a spus avocatul lui Mircea B\u0103sescu la ie\u015firea de la instan\u0163\u0103, conform Antena3. <\/div>\n<p> Source URL: https:\/\/observatornews.ro\/politic\/mircea-basescu-si-marian-capatana-raman-in-arest-130668.html<\/p>\n","protected":false},"excerpt":{"rendered":"<p>Magistra\u0163ii const\u0103n\u0163eni au decis ca Marian C\u0103p\u0103\u0163\u00e2n\u0103 \u015fi Mircea B\u0103sescu r\u0103m\u00e2n \u00een arest Magistra\u0163ii const\u0103n\u0163eni au decis ca Marian C\u0103p\u0103\u0163\u00e2n\u0103 \u015fi Mircea B\u0103sescu r\u0103m\u00e2n \u00een arest Judec\u0103torii Tribunalului Constan\u0163a au hot\u0103r\u00e2t ca cei doi s\u0103 r\u0103m\u00e2n\u0103 \u00een arest preventiv. &#8220;Am invocat lipsa de temeinicie a \u00eencheierii. Judec\u0103torul sus\u0163ine c\u0103 aceast\u0103 m\u0103sur\u0103 preventiv\u0103 nu a dep\u0103\u015fit [&hellip;]<\/p>\n","protected":false},"author":1,"featured_media":0,"comment_status":"open","ping_status":"","sticky":false,"template":"","format":"standard","meta":{"footnotes":""},"categories":[2],"tags":[30],"class_list":["post-386717","post","type-post","status-publish","format-standard","hentry","category-politics","tag-observatornews-ro"],"_links":{"self":[{"href":"https:\/\/analyse.optim.biz\/index.php?rest_route=\/wp\/v2\/posts\/386717","targetHints":{"allow":["GET"]}}],"collection":[{"href":"https:\/\/analyse.optim.biz\/index.php?rest_route=\/wp\/v2\/posts"}],"about":[{"href":"https:\/\/analyse.optim.biz\/index.php?rest_route=\/wp\/v2\/types\/post"}],"author":[{"embeddable":true,"href":"https:\/\/analyse.optim.biz\/index.php?rest_route=\/wp\/v2\/users\/1"}],"replies":[{"embeddable":true,"href":"https:\/\/analyse.optim.biz\/index.php?rest_route=%2Fwp%2Fv2%2Fcomments&post=386717"}],"version-history":[{"count":0,"href":"https:\/\/analyse.optim.biz\/index.php?rest_route=\/wp\/v2\/posts\/386717\/revisions"}],"wp:attachment":[{"href":"https:\/\/analyse.optim.biz\/index.php?rest_route=%2Fwp%2Fv2%2Fmedia&parent=386717"}],"wp:term":[{"taxonomy":"category","embeddable":true,"href":"https:\/\/analyse.optim.biz\/index.php?rest_route=%2Fwp%2Fv2%2Fcategories&post=386717"},{"taxonomy":"post_tag","embeddable":true,"href":"https:\/\/analyse.optim.biz\/index.php?rest_route=%2Fwp%2Fv2%2Ftags&post=386717"}],"curies":[{"name":"wp","href":"https:\/\/api.w.org\/{rel}","templated":true}]}}