{"id":386714,"date":"2014-07-21T14:20:00","date_gmt":"2014-07-21T11:20:00","guid":{"rendered":"https:\/\/analyse.optim.biz\/?p=386714"},"modified":"2014-07-21T14:20:00","modified_gmt":"2014-07-21T11:20:00","slug":"klaus-iohannis-intra-in-cursa-pentru-prezidentiale-acesta-a-fost-desemnat-candidatul-pnl-la-presedintie","status":"publish","type":"post","link":"https:\/\/analyse.optim.biz\/?p=386714","title":{"rendered":"Klaus Iohannis intr\u0103 \u00een cursa pentru preziden\u0163iale. Acesta a fost desemnat candidatul PNL la Pre\u015fedin\u0163ie"},"content":{"rendered":"<div class=\"description\" data-key=\"description\">Liberalii au decis c\u0103 \u00een cursa pentru alegerile prezinde\u0163iale Klaus Iohannis ar fi cel mai bun candidat din partea partidului.<\/div>\n<div class=\"articleBody\" data-key=\"articleBody\">\u00a0Liberalii au decis c\u0103 \u00een cursa pentru alegerile prezinde\u0163iale Klaus Iohannis ar fi cel mai bun candidat din partea partidului. Pre\u015fedintele PNL a primit un num\u0103r de voturi aproape dublu fa\u0163\u0103 de Antonescu.<br \/>\nAstfel, pentru Klaus Iohannis au optat 110 membri ai Delega\u0163iei Permanente, \u00een timp ce pentru Crin Antonescu au votat doar 56.<\/div>\n<p> Source URL: https:\/\/observatornews.ro\/politic\/klaus-iohannis-intra-in-cursa-pentru-prezidentiale-acesta-a-fost-desemnat-candidatul-pnl-la-presedintie-130858.html<\/p>\n","protected":false},"excerpt":{"rendered":"<p>Liberalii au decis c\u0103 \u00een cursa pentru alegerile prezinde\u0163iale Klaus Iohannis ar fi cel mai bun candidat din partea partidului. \u00a0Liberalii au decis c\u0103 \u00een cursa pentru alegerile prezinde\u0163iale Klaus Iohannis ar fi cel mai bun candidat din partea partidului. Pre\u015fedintele PNL a primit un num\u0103r de voturi aproape dublu fa\u0163\u0103 de Antonescu. Astfel, pentru [&hellip;]<\/p>\n","protected":false},"author":1,"featured_media":386716,"comment_status":"open","ping_status":"","sticky":false,"template":"","format":"standard","meta":{"footnotes":""},"categories":[2],"tags":[30],"class_list":["post-386714","post","type-post","status-publish","format-standard","has-post-thumbnail","hentry","category-politics","tag-observatornews-ro"],"_links":{"self":[{"href":"https:\/\/analyse.optim.biz\/index.php?rest_route=\/wp\/v2\/posts\/386714","targetHints":{"allow":["GET"]}}],"collection":[{"href":"https:\/\/analyse.optim.biz\/index.php?rest_route=\/wp\/v2\/posts"}],"about":[{"href":"https:\/\/analyse.optim.biz\/index.php?rest_route=\/wp\/v2\/types\/post"}],"author":[{"embeddable":true,"href":"https:\/\/analyse.optim.biz\/index.php?rest_route=\/wp\/v2\/users\/1"}],"replies":[{"embeddable":true,"href":"https:\/\/analyse.optim.biz\/index.php?rest_route=%2Fwp%2Fv2%2Fcomments&post=386714"}],"version-history":[{"count":0,"href":"https:\/\/analyse.optim.biz\/index.php?rest_route=\/wp\/v2\/posts\/386714\/revisions"}],"wp:featuredmedia":[{"embeddable":true,"href":"https:\/\/analyse.optim.biz\/index.php?rest_route=\/wp\/v2\/media\/386716"}],"wp:attachment":[{"href":"https:\/\/analyse.optim.biz\/index.php?rest_route=%2Fwp%2Fv2%2Fmedia&parent=386714"}],"wp:term":[{"taxonomy":"category","embeddable":true,"href":"https:\/\/analyse.optim.biz\/index.php?rest_route=%2Fwp%2Fv2%2Fcategories&post=386714"},{"taxonomy":"post_tag","embeddable":true,"href":"https:\/\/analyse.optim.biz\/index.php?rest_route=%2Fwp%2Fv2%2Ftags&post=386714"}],"curies":[{"name":"wp","href":"https:\/\/api.w.org\/{rel}","templated":true}]}}