{"id":386682,"date":"2014-07-22T12:28:00","date_gmt":"2014-07-22T09:28:00","guid":{"rendered":"https:\/\/analyse.optim.biz\/?p=386682"},"modified":"2014-07-22T12:28:00","modified_gmt":"2014-07-22T09:28:00","slug":"voiculescu-despre-acuzatii-spalare-de-bani-inseamna-bani-murdari-ascunsi","status":"publish","type":"post","link":"https:\/\/analyse.optim.biz\/?p=386682","title":{"rendered":"Voiculescu, despre acuzatii: \u201cSpalare de bani inseamna bani murdari, ascunsi\u201d"},"content":{"rendered":"<div class=\"description\" data-key=\"description\">Pre\u015fedintele-fondator al Partidului Conservator a solicitat ridicarea m\u0103surii de control judiciar. Cererea sa este judecat\u0103 ast\u0103zi, 22 iulie, de magistra\u0163ii bucure\u015fteni<\/div>\n<div class=\"articleBody\" data-key=\"articleBody\">Pre\u015fedintele-fondator al Partidului Conservator a solicitat ridicarea m\u0103surii de control judiciar. Cererea sa este judecat\u0103 ast\u0103zi, 22 iulie, de magistra\u0163ii bucure\u015fteni<br \/>\nLa ie\u015firea de la instan\u0163\u0103, Gheorghi\u0163\u0103 Mateu\u0163, avocatul lui Dan Voiculescu, a spus c\u0103, dac\u0103 demersul de ast\u0103zi nu va avea succes, vor ataca decizia la Strasbourg.<br \/>\n&#8220;Nu poate fi vorba de sp\u0103lare de bani \u00een ceea ce m\u0103 prive\u015fte!&#8221;<br \/>\nTotodat\u0103, \u00a0legat de dosarul Telepatia, unde un nou termen este pe 4 august, Dan Voiculescu a declarat c\u0103, \u00een opinia sa, nu poate fi vorba despre sp\u0103lare de bani. \u201cAm \u00een\u0163eles c\u0103 se va discuta problema \u00eencadr\u0103rii juridice. Se va discuta dac\u0103 avem de-a face cu o sp\u0103lare de bani. \u00centre timp, am devenit un mic specialist \u00een asta, am studiat foarte mult \u015fi am \u00een\u0163eles c\u0103, pentru sp\u0103lare de bani este nevoie de bani murdari &#8211; ceea ce nu este cazul la mine, pentru c\u0103 to\u0163i banii mei au fost numai \u00een conturi bancare -, \u015fi cu inten\u0163ia de a ascunde produsul s\u0103u banii pe care i-ai ob\u0163inut \u2013 \u015fi nu este cazul meu, pentru c\u0103 eu le-am l\u0103sat mosternire fetelor mele, la vedere, cu acte legale. Dar o s\u0103 vedem, judec\u0103torul este cel care hot\u0103r\u0103\u015fte ce se va \u00eent\u00e2mpla pe data de 4 august\u201d, a precizat fondatorul Intact Media Group.<\/p>\n<p>Totodat\u0103, Dan Voiculescu a mai spus: \u201cA venit de la Bruxelles confirmarea c\u0103 sp\u0103larea de bani \u00eenseamn\u0103 bani \u00een numerar peste suma de 15.000 de euro. Traian B\u0103sescu a depus \u00een contul personal peste 120.000 dolari. Acest caz se \u00eencadreaz\u0103 la sp\u0103lare de bani, nu al meu\u201d.<br \/>\nConform luju.ro, despre infrac\u0163iunea de sp\u0103lare a banilor, speciali\u015ftii \u00een domeniu vorbesc despre existen\u0163a obligatorie a trei etape:<br \/>\nEtapa 1\u00a0\u2013 infractorul ob\u0163ine fonduri ca rezultat a unor infrac\u0163iuni, ascunde urmele\/originea veniturilor ilicite pe care vrea s\u0103 le introduc\u0103 \u00een circuitul financiar sub o aparen\u0163\u0103 de legalitate, de natur\u0103 s\u0103 evite anchetarea naturii fondurilor;<br \/>\nEtapa 2 \u2013\u00a0infractorul dirijeaz\u0103 fondurile ob\u0163inute \u00een mod ilicit pentru cump\u0103rarea de bunuri \u015fi servicii, urm\u0103rind \u00een acest fel s\u0103 le dea o aparent\u0103 legitim\u0103;<br \/>\nEtapa 3\u00a0\u2013 dup\u0103 ce a trecut prin primele dou\u0103 etape, sp\u0103l\u0103torul de bani trece fondurile \u00een circuitul economic legal, le poate transforma, schimba proprietatea.<\/p><\/div>\n<p> Source URL: https:\/\/observatornews.ro\/politic\/dan-voiculescu-traian-basescu-depunere-de-peste-120000-dolari-acest-caz-se-incadreaza-la-spalare-de-bani-130923.html<\/p>\n","protected":false},"excerpt":{"rendered":"<p>Pre\u015fedintele-fondator al Partidului Conservator a solicitat ridicarea m\u0103surii de control judiciar. Cererea sa este judecat\u0103 ast\u0103zi, 22 iulie, de magistra\u0163ii bucure\u015fteni Pre\u015fedintele-fondator al Partidului Conservator a solicitat ridicarea m\u0103surii de control judiciar. Cererea sa este judecat\u0103 ast\u0103zi, 22 iulie, de magistra\u0163ii bucure\u015fteni La ie\u015firea de la instan\u0163\u0103, Gheorghi\u0163\u0103 Mateu\u0163, avocatul lui Dan Voiculescu, a spus [&hellip;]<\/p>\n","protected":false},"author":1,"featured_media":386684,"comment_status":"open","ping_status":"","sticky":false,"template":"","format":"standard","meta":{"footnotes":""},"categories":[2],"tags":[30],"class_list":["post-386682","post","type-post","status-publish","format-standard","has-post-thumbnail","hentry","category-politics","tag-observatornews-ro"],"_links":{"self":[{"href":"https:\/\/analyse.optim.biz\/index.php?rest_route=\/wp\/v2\/posts\/386682","targetHints":{"allow":["GET"]}}],"collection":[{"href":"https:\/\/analyse.optim.biz\/index.php?rest_route=\/wp\/v2\/posts"}],"about":[{"href":"https:\/\/analyse.optim.biz\/index.php?rest_route=\/wp\/v2\/types\/post"}],"author":[{"embeddable":true,"href":"https:\/\/analyse.optim.biz\/index.php?rest_route=\/wp\/v2\/users\/1"}],"replies":[{"embeddable":true,"href":"https:\/\/analyse.optim.biz\/index.php?rest_route=%2Fwp%2Fv2%2Fcomments&post=386682"}],"version-history":[{"count":0,"href":"https:\/\/analyse.optim.biz\/index.php?rest_route=\/wp\/v2\/posts\/386682\/revisions"}],"wp:featuredmedia":[{"embeddable":true,"href":"https:\/\/analyse.optim.biz\/index.php?rest_route=\/wp\/v2\/media\/386684"}],"wp:attachment":[{"href":"https:\/\/analyse.optim.biz\/index.php?rest_route=%2Fwp%2Fv2%2Fmedia&parent=386682"}],"wp:term":[{"taxonomy":"category","embeddable":true,"href":"https:\/\/analyse.optim.biz\/index.php?rest_route=%2Fwp%2Fv2%2Fcategories&post=386682"},{"taxonomy":"post_tag","embeddable":true,"href":"https:\/\/analyse.optim.biz\/index.php?rest_route=%2Fwp%2Fv2%2Ftags&post=386682"}],"curies":[{"name":"wp","href":"https:\/\/api.w.org\/{rel}","templated":true}]}}