{"id":386673,"date":"2014-07-26T11:36:00","date_gmt":"2014-07-26T08:36:00","guid":{"rendered":"https:\/\/analyse.optim.biz\/?p=386673"},"modified":"2014-07-26T11:36:00","modified_gmt":"2014-07-26T08:36:00","slug":"fuziunea-pnl-si-pdl-la-intonarea-imnului-a-fost-omis-numele-traian","status":"publish","type":"post","link":"https:\/\/analyse.optim.biz\/?p=386673","title":{"rendered":"Fuziunea PNL \u015fi PDL. La intonarea Imnului a fost omis numele Traian"},"content":{"rendered":"<div class=\"description\" data-key=\"description\">Ast\u0103zi, \u00een cadrul congresului extraordinar al PNL au fost votate toate documentele care consfin\u0163esc fuziunea PNL-PDL precum \u015fi alian\u0163a electoral\u0103, ACL.<\/div>\n<div class=\"articleBody\" data-key=\"articleBody\">\u00a0Ast\u0103zi, \u00een cadrul congresului extraordinar al PNL au fost votate toate documentele care consfin\u0163esc fuziunea PNL-PDL precum \u015fi alian\u0163a electoral\u0103, ACL.<br \/>\n\u201cAcest Congres trebuie s\u0103 se \u00eencheie \u00een jum\u0103tate de or\u0103, pentru c\u0103 scopul principal pentru care am venit aici este Congresul comun, PNL-PDL&#8221;, a anun\u0163at Klaus Iohannis.<br \/>\nDup\u0103 citirea protocolului de fuziune de c\u0103tre europarlamentul PDL Daniel Budea \u015fi votarea acestui document, \u00een unanimitate, pre\u015fedintele PDL Vasile Blaga \u015fi liderul PNL Klaus Iohannis \u015fi-au str\u00e2ns m\u00e2n\u0103 \u00een aplauzele liderilor \u015fi a democrat-liberalilor prezen\u0163i la congres.<br \/>\nReprezentan\u0163ii PDL \u015fi ai PNL au aprobat, \u00een unanimitate, protocolul de fuziune prin contopire dintre PDL \u015fi PNL \u015fi statutul noului partid. Congresul comun a fost deschis de secretarul general al PDL, Gheoghe Flutur, care a anun\u0163at intonarea imnului na\u0163ional. Acesta a con\u0163inut dou\u0103 strofe, respectiv prima \u015fi a treia, fiind omis\u0103 a doua strof\u0103 care con\u0163ine cuvintele &#8220;un nume de Traian&#8221;.<\/div>\n<p> Source URL: https:\/\/observatornews.ro\/politic\/fuziunea-pnl-si-pdl-la-intonarea-imnului-a-fost-omis-numele-traian-131253.html<\/p>\n","protected":false},"excerpt":{"rendered":"<p>Ast\u0103zi, \u00een cadrul congresului extraordinar al PNL au fost votate toate documentele care consfin\u0163esc fuziunea PNL-PDL precum \u015fi alian\u0163a electoral\u0103, ACL. \u00a0Ast\u0103zi, \u00een cadrul congresului extraordinar al PNL au fost votate toate documentele care consfin\u0163esc fuziunea PNL-PDL precum \u015fi alian\u0163a electoral\u0103, ACL. \u201cAcest Congres trebuie s\u0103 se \u00eencheie \u00een jum\u0103tate de or\u0103, pentru c\u0103 scopul [&hellip;]<\/p>\n","protected":false},"author":1,"featured_media":386674,"comment_status":"open","ping_status":"","sticky":false,"template":"","format":"standard","meta":{"footnotes":""},"categories":[2],"tags":[30],"class_list":["post-386673","post","type-post","status-publish","format-standard","has-post-thumbnail","hentry","category-politics","tag-observatornews-ro"],"_links":{"self":[{"href":"https:\/\/analyse.optim.biz\/index.php?rest_route=\/wp\/v2\/posts\/386673","targetHints":{"allow":["GET"]}}],"collection":[{"href":"https:\/\/analyse.optim.biz\/index.php?rest_route=\/wp\/v2\/posts"}],"about":[{"href":"https:\/\/analyse.optim.biz\/index.php?rest_route=\/wp\/v2\/types\/post"}],"author":[{"embeddable":true,"href":"https:\/\/analyse.optim.biz\/index.php?rest_route=\/wp\/v2\/users\/1"}],"replies":[{"embeddable":true,"href":"https:\/\/analyse.optim.biz\/index.php?rest_route=%2Fwp%2Fv2%2Fcomments&post=386673"}],"version-history":[{"count":0,"href":"https:\/\/analyse.optim.biz\/index.php?rest_route=\/wp\/v2\/posts\/386673\/revisions"}],"wp:featuredmedia":[{"embeddable":true,"href":"https:\/\/analyse.optim.biz\/index.php?rest_route=\/wp\/v2\/media\/386674"}],"wp:attachment":[{"href":"https:\/\/analyse.optim.biz\/index.php?rest_route=%2Fwp%2Fv2%2Fmedia&parent=386673"}],"wp:term":[{"taxonomy":"category","embeddable":true,"href":"https:\/\/analyse.optim.biz\/index.php?rest_route=%2Fwp%2Fv2%2Fcategories&post=386673"},{"taxonomy":"post_tag","embeddable":true,"href":"https:\/\/analyse.optim.biz\/index.php?rest_route=%2Fwp%2Fv2%2Ftags&post=386673"}],"curies":[{"name":"wp","href":"https:\/\/api.w.org\/{rel}","templated":true}]}}