{"id":386640,"date":"2014-08-05T19:58:00","date_gmt":"2014-08-05T16:58:00","guid":{"rendered":"https:\/\/analyse.optim.biz\/?p=386640"},"modified":"2014-08-05T19:58:00","modified_gmt":"2014-08-05T16:58:00","slug":"dan-voiculescu-ma-doare-cand-vad-ca-oameni-in-varsta-nevinovati-au-fost-tarati-in-acest-proces","status":"publish","type":"post","link":"https:\/\/analyse.optim.biz\/?p=386640","title":{"rendered":"Dan Voiculescu: \u201dM\u0103 doare c\u00e2nd v\u0103d c\u0103 oameni \u00een v\u00e2rst\u0103, nevinova\u0163i, au fost t\u00e2r\u00e2\u0163i \u00een acest proces\u201d"},"content":{"rendered":"<div class=\"description\" data-key=\"description\">Dan Voiculescu a sus\u0163inut, mar\u0163i, la ie\u015firea de la Curtea de Apel, c\u0103 este mul\u0163umit de faptul c\u0103 s-a terminat aceast\u0103 poveste judiciar\u0103 a dosarului Telepatia, exprim\u00e2ndu-\u015fi totodat\u0103 &#8220;durerea c\u0103 oameni \u00een v\u00e2rst\u0103, nevinova\u0163i, au fost t\u00e2r\u00e2\u0163i \u00een acest proces&#8221;<\/div>\n<div class=\"articleBody\" data-key=\"articleBody\">Dan Voiculescu a sus\u0163inut, mar\u0163i, la ie\u015firea de la Curtea de Apel, c\u0103 este mul\u0163umit de faptul c\u0103 s-a terminat aceast\u0103 poveste judiciar\u0103 a dosarului Telepatia, exprim\u00e2ndu-\u015fi totodat\u0103 &#8220;durerea c\u0103 oameni \u00een v\u00e2rst\u0103, nevinova\u0163i, au fost t\u00e2r\u00e2\u0163i \u00een acest proces&#8221;\u00a0<br \/>\nPotrivit Antena 3, Dan Voiculescu \u015fi-a exprimat convingerea c\u0103 magistra\u0163ii completului de judecat\u0103 vor aprecia corect lucrurile, a\u015fa cum au fost ele consemnate.<br \/>\nPre\u015fedintele fondator al PC a criticat \u00eens\u0103 lipsa de profesionalism a procurorului de \u015fedin\u0163\u0103, despre care a afirmat c\u0103 &#8220;a trunchiat adev\u0103rul&#8221; \u015fi &#8220;a min\u0163it cu neru\u015finare judec\u0103torii&#8221;.<br \/>\n&#8220;V\u0103 dau un exemplu. Spunea c\u0103 NUP-ul de care se vorbe\u015fte c\u0103 a fost dat pentru ICA, era un NUP care a fost infirmat. Punct. F\u0103r\u0103 s\u0103 spun\u0103 c\u0103 era un NUP infirmat \u00een 2008. Iar a\u015fa numita majorare de capitaluri s-a f\u0103cut \u00een 2004. Deci \u00een 2004, 2005, 2006 lucrurile nu erau deloc infirmate. Mi s-a p\u0103rut o \u015fmecherie ieftin\u0103 din partea unui procuror, care \u00eencearc\u0103 prin fr\u00e2nturi s\u0103 induc\u0103 judec\u0103torilor adev\u0103rul pe care \u00eel vor ei&#8221;<\/div>\n<p> Source URL: https:\/\/observatornews.ro\/politic\/dan-voiculescu-ma-doare-cand-vad-ca-oameni-in-varsta-nevinovati-au-fost-tarati-in-acest-proces-132003.html<\/p>\n","protected":false},"excerpt":{"rendered":"<p>Dan Voiculescu a sus\u0163inut, mar\u0163i, la ie\u015firea de la Curtea de Apel, c\u0103 este mul\u0163umit de faptul c\u0103 s-a terminat aceast\u0103 poveste judiciar\u0103 a dosarului Telepatia, exprim\u00e2ndu-\u015fi totodat\u0103 &#8220;durerea c\u0103 oameni \u00een v\u00e2rst\u0103, nevinova\u0163i, au fost t\u00e2r\u00e2\u0163i \u00een acest proces&#8221; Dan Voiculescu a sus\u0163inut, mar\u0163i, la ie\u015firea de la Curtea de Apel, c\u0103 este mul\u0163umit [&hellip;]<\/p>\n","protected":false},"author":1,"featured_media":0,"comment_status":"open","ping_status":"","sticky":false,"template":"","format":"standard","meta":{"footnotes":""},"categories":[2],"tags":[30],"class_list":["post-386640","post","type-post","status-publish","format-standard","hentry","category-politics","tag-observatornews-ro"],"_links":{"self":[{"href":"https:\/\/analyse.optim.biz\/index.php?rest_route=\/wp\/v2\/posts\/386640","targetHints":{"allow":["GET"]}}],"collection":[{"href":"https:\/\/analyse.optim.biz\/index.php?rest_route=\/wp\/v2\/posts"}],"about":[{"href":"https:\/\/analyse.optim.biz\/index.php?rest_route=\/wp\/v2\/types\/post"}],"author":[{"embeddable":true,"href":"https:\/\/analyse.optim.biz\/index.php?rest_route=\/wp\/v2\/users\/1"}],"replies":[{"embeddable":true,"href":"https:\/\/analyse.optim.biz\/index.php?rest_route=%2Fwp%2Fv2%2Fcomments&post=386640"}],"version-history":[{"count":0,"href":"https:\/\/analyse.optim.biz\/index.php?rest_route=\/wp\/v2\/posts\/386640\/revisions"}],"wp:attachment":[{"href":"https:\/\/analyse.optim.biz\/index.php?rest_route=%2Fwp%2Fv2%2Fmedia&parent=386640"}],"wp:term":[{"taxonomy":"category","embeddable":true,"href":"https:\/\/analyse.optim.biz\/index.php?rest_route=%2Fwp%2Fv2%2Fcategories&post=386640"},{"taxonomy":"post_tag","embeddable":true,"href":"https:\/\/analyse.optim.biz\/index.php?rest_route=%2Fwp%2Fv2%2Ftags&post=386640"}],"curies":[{"name":"wp","href":"https:\/\/api.w.org\/{rel}","templated":true}]}}